{"id":1361,"date":"2017-12-05T07:14:43","date_gmt":"2017-12-05T06:14:43","guid":{"rendered":"http:\/\/leyaouanc.fr\/wordpress\/?p=1361"},"modified":"2017-12-06T07:17:03","modified_gmt":"2017-12-06T06:17:03","slug":"nobuyoshi-araki-x-saint-laurent","status":"publish","type":"post","link":"https:\/\/leyaouanc.fr\/wordpress\/index.php\/2017\/12\/05\/nobuyoshi-araki-x-saint-laurent\/","title":{"rendered":"NOBUYOSHI ARAKI X SAINT LAURENT"},"content":{"rendered":"<p style=\"text-align: justify;\">A quelques jours de sa fermeture d\u00e9finitive, pr\u00e9vue le 20 d\u00e9cembre prochain, Colette accueille la maison Saint Laurent au premier \u00e9tage de son concept-store situ\u00e9 au 213 rue Saint-Honor\u00e9. Un symbole puisque c\u2019est Saint Laurent qui devrait reprendre la boutique apr\u00e8s sa fermeture d\u00e9finitive.<!--more--><\/p>\n<p style=\"text-align: justify;\">Une exposition d\u2019art et de photographies compos\u00e9e d\u2019une s\u00e9lection d\u2019oeuvres du c\u00e9l\u00e8bre artiste japonais Nobuyoshi Araki. En exclusivit\u00e9 pour Saint Laurent et Anthony Vaccarello, l\u2019artiste a immortalis\u00e9 Anja Rubik pour r\u00e9aliser des pi\u00e8ces uniques mixant les techniques de la photographie et de la peinture. Baptis\u00e9e \u00ab Saint Laurent Shiki-in \u00bb (la soif de la couleur), cette s\u00e9rie associe des \u00e9l\u00e9ments de l\u2019univers Saint Laurent aux th\u00e8mes traditionnels de l\u2019oeuvre d\u2019Araki, aujourd\u2019hui figure incontournable de la culture mondiale moderne.<\/p>\n<p style=\"text-align: justify;\">Les 16 pi\u00e8ces pr\u00e9sent\u00e9es pourront \u00eatre pr\u00e9-command\u00e9es chez Colette et seront ult\u00e9rieurement exp\u00e9di\u00e9es par la galerie Taka Ishii du Japon, accompagn\u00e9es de leur certificat d\u2019authenticit\u00e9. L\u2019exposition se tiendra du 2 au 20 d\u00e9cembre sur la mezzanine de Colette, tandis que les objets \u00ab collectors \u00bb en vente exclusive sont pr\u00e9sent\u00e9s au 1er \u00e9tage.<\/p>\n<p style=\"text-align: justify;\">Anonymode<\/p>\n","protected":false},"excerpt":{"rendered":"<p>A quelques jours de sa fermeture d\u00e9finitive, pr\u00e9vue le 20 d\u00e9cembre prochain, Colette accueille la maison Saint Laurent [&hellip;]<\/p>\n","protected":false},"author":1,"featured_media":1362,"comment_status":"closed","ping_status":"open","sticky":false,"template":"","format":"standard","meta":[],"categories":[1],"tags":[],"_links":{"self":[{"href":"https:\/\/leyaouanc.fr\/wordpress\/index.php\/wp-json\/wp\/v2\/posts\/1361"}],"collection":[{"href":"https:\/\/leyaouanc.fr\/wordpress\/index.php\/wp-json\/wp\/v2\/posts"}],"about":[{"href":"https:\/\/leyaouanc.fr\/wordpress\/index.php\/wp-json\/wp\/v2\/types\/post"}],"author":[{"embeddable":true,"href":"https:\/\/leyaouanc.fr\/wordpress\/index.php\/wp-json\/wp\/v2\/users\/1"}],"replies":[{"embeddable":true,"href":"https:\/\/leyaouanc.fr\/wordpress\/index.php\/wp-json\/wp\/v2\/comments?post=1361"}],"version-history":[{"count":3,"href":"https:\/\/leyaouanc.fr\/wordpress\/index.php\/wp-json\/wp\/v2\/posts\/1361\/revisions"}],"predecessor-version":[{"id":1389,"href":"https:\/\/leyaouanc.fr\/wordpress\/index.php\/wp-json\/wp\/v2\/posts\/1361\/revisions\/1389"}],"wp:featuredmedia":[{"embeddable":true,"href":"https:\/\/leyaouanc.fr\/wordpress\/index.php\/wp-json\/wp\/v2\/media\/1362"}],"wp:attachment":[{"href":"https:\/\/leyaouanc.fr\/wordpress\/index.php\/wp-json\/wp\/v2\/media?parent=1361"}],"wp:term":[{"taxonomy":"category","embeddable":true,"href":"https:\/\/leyaouanc.fr\/wordpress\/index.php\/wp-json\/wp\/v2\/categories?post=1361"},{"taxonomy":"post_tag","embeddable":true,"href":"https:\/\/leyaouanc.fr\/wordpress\/index.php\/wp-json\/wp\/v2\/tags?post=1361"}],"curies":[{"name":"wp","href":"https:\/\/api.w.org\/{rel}","templated":true}]}}