{"id":1642,"date":"2018-03-27T07:38:07","date_gmt":"2018-03-27T05:38:07","guid":{"rendered":"http:\/\/leyaouanc.fr\/wordpress\/?p=1642"},"modified":"2018-03-27T07:46:06","modified_gmt":"2018-03-27T05:46:06","slug":"me-abloh-lvmh","status":"publish","type":"post","link":"https:\/\/leyaouanc.fr\/wordpress\/index.php\/2018\/03\/27\/me-abloh-lvmh\/","title":{"rendered":"ME ABLOH LVMH"},"content":{"rendered":"<p style=\"text-align: justify;\">Louis Vuitton a embauch\u00e9 le designer, Virgil Abloh. Virgile ! me dit la baronne, une vraie \u00e9pop\u00e9e qui lui donnera peut-\u00eatre l\u2019immortalit\u00e9 ! En tout cas, pour le design masculin de la marque, le fondateur de Off-White succ\u00e8de \u00e0 Kim Jones et pr\u00e9sentera sa premi\u00e8re collection en juin prochain \u00e0 Paris.<\/p>\n<p style=\"text-align: justify;\">Mais, attachez vos ceintures. Off-White, le chantre de la sangle de s\u00e9curit\u00e9 aura \u00e9t\u00e9 rep\u00e9r\u00e9 par Michael Burke quand il \u00e9tait chez Fendi, et celui-ci aurait d\u00e9clar\u00e9 \u00ab\u00a0je suis ravi de voir comment sa cr\u00e9ativit\u00e9 inn\u00e9e et son approche disruptive (mot savant pour le bordel) l\u2019ont rendu si pertinent, non seulement dans le monde de la mode mais dans la culture populaire\u00a0\u00bb. Et, pour le populaire, Vuitton s\u2019y connait !<\/p>\n<p style=\"text-align: justify;\">Populaire, le mot est lanc\u00e9. Comment la marque Dior Homme devient, d\u2019un c\u00f4t\u00e9 pl\u00e9b\u00e9ienne et de l\u2019autre, elle cherche \u00e0 rentrer au mus\u00e9e. C\u2019est la future star de Dior Homme ou la main mise des Afro-am\u00e9ricains sur la mode fran\u00e7aise ? Ont-il une l\u00e9gitimit\u00e9 ? Ou cela n\u2019est -il qu\u2019un feu de paille pour faire un peu plus de buzz ?<\/p>\n<p style=\"text-align: justify;\">Ce viril Virgile, \u00e0 la fois DJ et dipl\u00f4m\u00e9 d\u2019architecture \u2013 Cela n\u2019avait pas \u00e9t\u00e9 un succ\u00e8s avec Raf Simons ! \u2013 \u00e9tait \u00e9galement l\u2019ancien directeur artistique de Kanye West. Oui oui, himself. Le mari de la Kardashian, qui montre son post\u00e9rieur \u00e0 toutes les sauces. Virgile collectionne les casquettes et, via son label Off-White, il propose une vision plus post-mortem que post moderne, une vision \u00e0 la Didier Grumler.<\/p>\n<p style=\"text-align: justify;\">Avec ses nombreuses collaborations, avec des griffes souvent inattendues, comme Ikea et r\u00e9cemment Jimmy Choo, Virgil Abloh d\u00e9fend une esth\u00e9tique qui rassemble et mixe les influences des bas fonds de la t\u00e9l\u00e9-r\u00e9alit\u00e9. D\u00e9complex\u00e9 vis-\u00e0-vis de la mode et du luxe \u2013 normal, il n\u2019est pas issue pas de celle-ci \u2013 il renouvelle ainsi les codes \u00e9tablis en leur appliquant son univers du streetwear, comme le d\u00e9tournement des logos, mais lui ne jouera pas \u00e0 d\u00e9tourner son Ego, trop robot pour \u00eatre vrai.<\/p>\n<p style=\"text-align: justify;\">Anonymode<\/p>\n","protected":false},"excerpt":{"rendered":"<p>Louis Vuitton a embauch\u00e9 le designer, Virgil Abloh. Virgile ! me dit la baronne, une vraie \u00e9pop\u00e9e qui [&hellip;]<\/p>\n","protected":false},"author":1,"featured_media":1645,"comment_status":"closed","ping_status":"open","sticky":false,"template":"","format":"standard","meta":[],"categories":[24,23],"tags":[],"_links":{"self":[{"href":"https:\/\/leyaouanc.fr\/wordpress\/index.php\/wp-json\/wp\/v2\/posts\/1642"}],"collection":[{"href":"https:\/\/leyaouanc.fr\/wordpress\/index.php\/wp-json\/wp\/v2\/posts"}],"about":[{"href":"https:\/\/leyaouanc.fr\/wordpress\/index.php\/wp-json\/wp\/v2\/types\/post"}],"author":[{"embeddable":true,"href":"https:\/\/leyaouanc.fr\/wordpress\/index.php\/wp-json\/wp\/v2\/users\/1"}],"replies":[{"embeddable":true,"href":"https:\/\/leyaouanc.fr\/wordpress\/index.php\/wp-json\/wp\/v2\/comments?post=1642"}],"version-history":[{"count":1,"href":"https:\/\/leyaouanc.fr\/wordpress\/index.php\/wp-json\/wp\/v2\/posts\/1642\/revisions"}],"predecessor-version":[{"id":1644,"href":"https:\/\/leyaouanc.fr\/wordpress\/index.php\/wp-json\/wp\/v2\/posts\/1642\/revisions\/1644"}],"wp:featuredmedia":[{"embeddable":true,"href":"https:\/\/leyaouanc.fr\/wordpress\/index.php\/wp-json\/wp\/v2\/media\/1645"}],"wp:attachment":[{"href":"https:\/\/leyaouanc.fr\/wordpress\/index.php\/wp-json\/wp\/v2\/media?parent=1642"}],"wp:term":[{"taxonomy":"category","embeddable":true,"href":"https:\/\/leyaouanc.fr\/wordpress\/index.php\/wp-json\/wp\/v2\/categories?post=1642"},{"taxonomy":"post_tag","embeddable":true,"href":"https:\/\/leyaouanc.fr\/wordpress\/index.php\/wp-json\/wp\/v2\/tags?post=1642"}],"curies":[{"name":"wp","href":"https:\/\/api.w.org\/{rel}","templated":true}]}}