{"id":2187,"date":"2018-11-27T07:43:23","date_gmt":"2018-11-27T06:43:23","guid":{"rendered":"https:\/\/leyaouanc.fr\/wordpress\/?p=2187"},"modified":"2018-11-27T07:43:23","modified_gmt":"2018-11-27T06:43:23","slug":"il-faut-sauver-le-soldat-ghosn","status":"publish","type":"post","link":"https:\/\/leyaouanc.fr\/wordpress\/index.php\/2018\/11\/27\/il-faut-sauver-le-soldat-ghosn\/","title":{"rendered":"IL FAUT SAUVER LE SOLDAT GHOSN"},"content":{"rendered":"<p style=\"text-align: justify;\">Voici la couture qui se mobilise pour un chef d\u2019entreprise et le cr\u00e9ateur de mode, Rabih Kayrouz, a exhort\u00e9 le pr\u00e9sident Fran\u00e7ais, Emmanuel Macron, en lui demandant la lib\u00e9ration de Carlos Ghosn, ex-pr\u00e9sident de Renault-Nissan-Mitsubishi. Le couturier libanais a imm\u00e9diatement vu la possibilit\u00e9 de se faire une publicit\u00e9 gratuite de circonstance.<\/p>\n<p style=\"text-align: justify;\">Arr\u00eat\u00e9 \u00e0 Tokyo le 19 novembre \u00e0 la suite d\u2019accusations d\u2019\u00e9vasion fiscale, Ghosn, 64 ans, est enferm\u00e9 dans un centre de d\u00e9tention \u00e0 Kosuge jusqu\u2019au 30 novembre pendant que le syst\u00e8me judiciaire japonais examine les accusations port\u00e9es \u00e0 son encontre. Cet emprisonnement montre, dans toute sa caricature, le syst\u00e8me judiciaire Japonais, plus proche d\u2019une dictature que d\u2019un pays civilis\u00e9.<\/p>\n<p style=\"text-align: justify;\">\u00abIl y a une semaine, nous avons tous d\u00e9couvert que cet homme avait \u00e9t\u00e9 arr\u00eat\u00e9 de mani\u00e8re tr\u00e8s brutale et injuste\u00bb, a \u00e9crit Kayrouz sur Instagram, dimanche soir.<\/p>\n<p style=\"text-align: justify;\">Le cr\u00e9ateur, qui a habill\u00e9 Carole Nahas, \u00e9pouse de Ghosn, lors du mariage du couple au Ch\u00e2teau de Versailles en 2016, a fait appel \u00e0 Macron, car un client reste un client. \u00bb Il faut sauver le citoyen Ghosn \u00bb. Mais Carlos Ghosn, fan de mariage \u00e0 Versailles, va pouvoir exp\u00e9rimenter les zones de non droit que Louis XIV utilisait \u00e0 foison pour ses opposants. La prochaine fois, achetez pour votre femme une robe chez Dior ou Vuitton, car quand le Seigneur des Arnault t\u00e9l\u00e9phone au pr\u00e9sident de la R\u00e9publique Fran\u00e7aise, sa voix porte plus que celle d\u2019un obscure couturier du pays d\u2019Ahiram, roi de Byblos. N&rsquo;oublions pas quand m\u00eame que Ghosn risque dix ans de prison avec sushi.<\/p>\n<p style=\"text-align: justify;\">Anonymode<\/p>\n","protected":false},"excerpt":{"rendered":"<p>Voici la couture qui se mobilise pour un chef d\u2019entreprise et le cr\u00e9ateur de mode, Rabih Kayrouz, a [&hellip;]<\/p>\n","protected":false},"author":1,"featured_media":2188,"comment_status":"closed","ping_status":"open","sticky":false,"template":"","format":"standard","meta":[],"categories":[24,23],"tags":[],"_links":{"self":[{"href":"https:\/\/leyaouanc.fr\/wordpress\/index.php\/wp-json\/wp\/v2\/posts\/2187"}],"collection":[{"href":"https:\/\/leyaouanc.fr\/wordpress\/index.php\/wp-json\/wp\/v2\/posts"}],"about":[{"href":"https:\/\/leyaouanc.fr\/wordpress\/index.php\/wp-json\/wp\/v2\/types\/post"}],"author":[{"embeddable":true,"href":"https:\/\/leyaouanc.fr\/wordpress\/index.php\/wp-json\/wp\/v2\/users\/1"}],"replies":[{"embeddable":true,"href":"https:\/\/leyaouanc.fr\/wordpress\/index.php\/wp-json\/wp\/v2\/comments?post=2187"}],"version-history":[{"count":1,"href":"https:\/\/leyaouanc.fr\/wordpress\/index.php\/wp-json\/wp\/v2\/posts\/2187\/revisions"}],"predecessor-version":[{"id":2189,"href":"https:\/\/leyaouanc.fr\/wordpress\/index.php\/wp-json\/wp\/v2\/posts\/2187\/revisions\/2189"}],"wp:featuredmedia":[{"embeddable":true,"href":"https:\/\/leyaouanc.fr\/wordpress\/index.php\/wp-json\/wp\/v2\/media\/2188"}],"wp:attachment":[{"href":"https:\/\/leyaouanc.fr\/wordpress\/index.php\/wp-json\/wp\/v2\/media?parent=2187"}],"wp:term":[{"taxonomy":"category","embeddable":true,"href":"https:\/\/leyaouanc.fr\/wordpress\/index.php\/wp-json\/wp\/v2\/categories?post=2187"},{"taxonomy":"post_tag","embeddable":true,"href":"https:\/\/leyaouanc.fr\/wordpress\/index.php\/wp-json\/wp\/v2\/tags?post=2187"}],"curies":[{"name":"wp","href":"https:\/\/api.w.org\/{rel}","templated":true}]}}