{"id":2193,"date":"2018-11-29T07:48:19","date_gmt":"2018-11-29T06:48:19","guid":{"rendered":"https:\/\/leyaouanc.fr\/wordpress\/?p=2193"},"modified":"2018-11-29T07:48:19","modified_gmt":"2018-11-29T06:48:19","slug":"virgile-liliade-et-le-tisse","status":"publish","type":"post","link":"https:\/\/leyaouanc.fr\/wordpress\/index.php\/2018\/11\/29\/virgile-liliade-et-le-tisse\/","title":{"rendered":"VIRGILE L&rsquo;ILIADE ET LE TISS\u00c9"},"content":{"rendered":"<p style=\"text-align: justify;\">Virgil Abloh est d&rsquo;abord un g\u00e9nie, mais un g\u00e9nie civil par son dipl\u00f4me pass\u00e9 \u00e0 l&rsquo;Universit\u00e9 du Wisconsin. Comme Raf Simons, il \u00e9tudie aussi l&rsquo;architecture \u00e0 l&rsquo;Illinois \u00ab\u00a0Institute of Technology\u00a0\u00bb, sachant probablement que le Seigneur des Arnault aime les architectes. Mais, son \u00e9ducation a commenc\u00e9 bien avant par sa culture Hip Hop qui va fa\u00e7onner les 10 ou 15 premi\u00e8re ann\u00e9es de sa vie d&rsquo;homme.<\/p>\n<p style=\"text-align: justify;\">Son approche consiste davantage \u00e0 combiner ce type d\u2019enseignement sup\u00e9rieur d&rsquo;ing\u00e9nierie a un domaine figuratif comme l\u2019architecture. Un tiers de son \u00e9ducation est de comprendre le monde de la culture d\u2019abord, comme une bo\u00eete de pandore, j&rsquo;ai choisi la mode parce que je croyais que c&rsquo;\u00e9tait une industrie qui reliait toutes ces disciplines et certainement aussi par intuition.<\/p>\n<p style=\"text-align: justify;\">Le monde de la mode \u00e9volue et son industrie, \u00e0 mon sens, a \u00e9t\u00e9 prise au d\u00e9pourvu en pensant que les tendances et les indicateurs existants n\u2019avaient aucune variable d&rsquo;ajustement. En r\u00e9alit\u00e9, c\u2019\u00e9tait tout le contraire. Ma question majeure \u00e9tait comment rentrer dans cette profession pour la faire \u00e9voluer. Au m\u00eame titre que la tectonique des plaques qui doivent se d\u00e9placer pour pouvoir s&rsquo;organiser autour d&rsquo;un nouveau mouvement. Le streetwear \u00e9tait ma fa\u00e7on de pouvoir rentrer dans ce milieu si ferm\u00e9, mais ma cible \u00e9tait la Haute Couture\u00a0 car le\u00a0 streetwear est \u00e0 terme un pi\u00e8ge pour les industries du luxe et de la mode. Aux Etats-Unis, on aime les produits Fran\u00e7ais parce qu\u2019ils sont d\u2019exception, et que personne ne peut les r\u00e9aliser chez nous, le jour o\u00f9 LVMH aura des usines aux Etats-Unis les produits ne se vendront plus comme avant.<\/p>\n<p style=\"text-align: justify;\">Ce streetwear est un ingr\u00e9dient que vous saupoudrez sur n&rsquo;importe quoi, mais cela signifie concr\u00e8tement des v\u00eatements que les gens portent dans la rue. La mode a commenc\u00e9\u00a0 par des robes port\u00e9es par une \u00e9lite, et\u00a0 fabriqu\u00e9es par des ouvri\u00e8res d&rsquo;\u00e9lite, pour des client(es) qui ne sont plus l&rsquo;\u00e9lite.<\/p>\n<p style=\"text-align: justify;\">Yves Saint Laurent et d\u2019autres ont bascul\u00e9 dans le domaine du pr\u00eat-\u00e0-porter \u00e0 un moment choisi. C&rsquo;\u00e9taient des v\u00eatements li\u00e9s \u00e0 un moment o\u00f9 la tectonique des plaques bouge mais sans tsunami.\u00a0\u00c0 mon avis, ce ne sont pas les marques qui donnent la tendance, mais c&rsquo;est la rue. Le mot cl\u00e9 est la pertinence du v\u00eatement par rapport au march\u00e9.<\/p>\n<p style=\"text-align: justify;\">Si quelque chose est pertinent dans la rue vous le voyez imm\u00e9diatement : \u00e0 l&rsquo;image des sacs Speedy avec une dragonne OFF White que j&rsquo;ai vu dans Paris port\u00e9 par une femme \u00e9l\u00e9gante au Ch\u00e2telet. Elle avait anticip\u00e9 ma venue dans le groupe LVMH. Donc, lorsque la marque communique sur des choses pertinentes, souvent, la cliente l&rsquo;a anticip\u00e9, et cela m\u2019\u00e9tonne toujours.<\/p>\n<p style=\"text-align: justify;\">Anonymode<\/p>\n","protected":false},"excerpt":{"rendered":"<p>Virgil Abloh est d&rsquo;abord un g\u00e9nie, mais un g\u00e9nie civil par son dipl\u00f4me pass\u00e9 \u00e0 l&rsquo;Universit\u00e9 du Wisconsin. [&hellip;]<\/p>\n","protected":false},"author":1,"featured_media":2194,"comment_status":"closed","ping_status":"open","sticky":false,"template":"","format":"standard","meta":[],"categories":[24,23],"tags":[],"_links":{"self":[{"href":"https:\/\/leyaouanc.fr\/wordpress\/index.php\/wp-json\/wp\/v2\/posts\/2193"}],"collection":[{"href":"https:\/\/leyaouanc.fr\/wordpress\/index.php\/wp-json\/wp\/v2\/posts"}],"about":[{"href":"https:\/\/leyaouanc.fr\/wordpress\/index.php\/wp-json\/wp\/v2\/types\/post"}],"author":[{"embeddable":true,"href":"https:\/\/leyaouanc.fr\/wordpress\/index.php\/wp-json\/wp\/v2\/users\/1"}],"replies":[{"embeddable":true,"href":"https:\/\/leyaouanc.fr\/wordpress\/index.php\/wp-json\/wp\/v2\/comments?post=2193"}],"version-history":[{"count":1,"href":"https:\/\/leyaouanc.fr\/wordpress\/index.php\/wp-json\/wp\/v2\/posts\/2193\/revisions"}],"predecessor-version":[{"id":2195,"href":"https:\/\/leyaouanc.fr\/wordpress\/index.php\/wp-json\/wp\/v2\/posts\/2193\/revisions\/2195"}],"wp:featuredmedia":[{"embeddable":true,"href":"https:\/\/leyaouanc.fr\/wordpress\/index.php\/wp-json\/wp\/v2\/media\/2194"}],"wp:attachment":[{"href":"https:\/\/leyaouanc.fr\/wordpress\/index.php\/wp-json\/wp\/v2\/media?parent=2193"}],"wp:term":[{"taxonomy":"category","embeddable":true,"href":"https:\/\/leyaouanc.fr\/wordpress\/index.php\/wp-json\/wp\/v2\/categories?post=2193"},{"taxonomy":"post_tag","embeddable":true,"href":"https:\/\/leyaouanc.fr\/wordpress\/index.php\/wp-json\/wp\/v2\/tags?post=2193"}],"curies":[{"name":"wp","href":"https:\/\/api.w.org\/{rel}","templated":true}]}}