{"id":2231,"date":"2018-12-14T07:38:15","date_gmt":"2018-12-14T06:38:15","guid":{"rendered":"https:\/\/leyaouanc.fr\/wordpress\/?p=2231"},"modified":"2018-12-14T07:38:15","modified_gmt":"2018-12-14T06:38:15","slug":"un-americain-a-paris","status":"publish","type":"post","link":"https:\/\/leyaouanc.fr\/wordpress\/index.php\/2018\/12\/14\/un-americain-a-paris\/","title":{"rendered":"UN AM\u00c9RICAIN A PARIS"},"content":{"rendered":"<p style=\"text-align: justify;\">Tommy Hilfiger vous connaissez ? Car la marque est en n\u00e9gociation avec la F\u00e9d\u00e9ration de la Haute Couture et de la Mode pour un cr\u00e9neau horaire sur le calendrier officiel de la Haute Couture. Faut-il inclure une marque Am\u00e9ricaine comme Tommy Hilfiger dans le calendrier Fran\u00e7ais ? La F\u00e9d\u00e9ration a refus\u00e9 tout commentaire sur le sujet toujours aussi transparente sur son fonctionnement interne, mais nos espions nous confirment que la d\u00e9cision est d\u00e9j\u00e0 act\u00e9e, on parlerait aussi d\u2019un rapprochement avec d\u2019autres marques Am\u00e9ricaines pour que celles-ci deviennent partenaires du nouveau g\u00e9ant vert, \u00e9cole de circonstance transform\u00e9e en machine \u00e0 cash.<\/p>\n<p style=\"text-align: justify;\">Qui est ce Thomas Jacob Hilfiger? N\u00e9 le 24 mars 1951 et second d\u2019une famille de neuf enfants et catholique irlandaise. Il a fait ses \u00e9tudes secondaires \u00e0 l\u2019Acad\u00e9mie libre d\u2019Elmira (USA). Il commence \u00e0 travailler dans la distribution \u00e0 l\u2019\u00e2ge de 18 ans et se rendant dans la ville de New York pour d\u00e9nicher des jeans et des pantalons pat\u2019 d\u2019eph\u2019, qu\u2019il personnalise et revendra dans une petite boutique du centre d\u2019Elmira, appel\u00e9e Brown\u2019s.<\/p>\n<p style=\"text-align: justify;\">En 1984, il fonde la Tommy Hilfiger Corporation (NYSE:THB), qui entre en Bourse en 1992, et il d\u00e9veloppe sa signature comme styliste dans une collection de v\u00eatements pour homme. D\u00e8s 2004, la soci\u00e9t\u00e9 compte 5 400 employ\u00e9s et r\u00e9alise un chiffre d\u2019affaires de plus de 1,8 milliard de dollars. Tommy Hilfiger sera \u00e9lu \u00ab designer homme \u00bb de l\u2019ann\u00e9e par le Council of Fashion Designers of America en 1995. En ao\u00fbt 2005, Tommy Hilfiger annonce qu\u2019il met sa soci\u00e9t\u00e9 en vente. Avant la fin de l\u2019ann\u00e9e, elle est rachet\u00e9e par Apax Partners pour 1,6 milliard de dollars, soit 16,80 $ par action, pay\u00e9e comptant.<\/p>\n<p style=\"text-align: justify;\">En 2005, l\u2019\u00e9mission de t\u00e9l\u00e9-r\u00e9alit\u00e9 sur CBS TV The Cut retrace l\u2019histoire de seize candidats, devenus stylistes chez Tommy Hilfiger, \u00e0 la fa\u00e7on dont cela avait \u00e9t\u00e9 fait dans l\u2019apprenti, \u00ab The Apprentice \u00bb, l\u2019\u00e9mission de Donald Trump. Le vainqueur choisi par Tommy Hilfiger sera Chris Cortez. Bref, les mauvais cr\u00e9ateurs osent tout, mais pourquoi pas car, en face, il y a une m\u00e9connaissance totale du secteur. Alors, on peut faire n\u2019importe quoi comme demande ! C\u2019est la fuite des cr\u00e9ateurs des Etats-Unis vers la France, le principe des vases communicants. Quand les Am\u00e9ricains se seront r\u00e9organis\u00e9s et d\u00e9couvriront l\u2019organisation de la F\u00e9d\u00e9ration, ce sera l\u2019inverse, les cr\u00e9ateurs repartiront aux USA. Bienvenue dans le monde merveilleux de la Haute Couture, qui n\u2019est plus.<\/p>\n<p style=\"text-align: justify;\">Anonymode<\/p>\n<p>&nbsp;<\/p>\n","protected":false},"excerpt":{"rendered":"<p>Tommy Hilfiger vous connaissez ? Car la marque est en n\u00e9gociation avec la F\u00e9d\u00e9ration de la Haute Couture [&hellip;]<\/p>\n","protected":false},"author":1,"featured_media":2232,"comment_status":"closed","ping_status":"open","sticky":false,"template":"","format":"standard","meta":[],"categories":[24,23],"tags":[],"_links":{"self":[{"href":"https:\/\/leyaouanc.fr\/wordpress\/index.php\/wp-json\/wp\/v2\/posts\/2231"}],"collection":[{"href":"https:\/\/leyaouanc.fr\/wordpress\/index.php\/wp-json\/wp\/v2\/posts"}],"about":[{"href":"https:\/\/leyaouanc.fr\/wordpress\/index.php\/wp-json\/wp\/v2\/types\/post"}],"author":[{"embeddable":true,"href":"https:\/\/leyaouanc.fr\/wordpress\/index.php\/wp-json\/wp\/v2\/users\/1"}],"replies":[{"embeddable":true,"href":"https:\/\/leyaouanc.fr\/wordpress\/index.php\/wp-json\/wp\/v2\/comments?post=2231"}],"version-history":[{"count":1,"href":"https:\/\/leyaouanc.fr\/wordpress\/index.php\/wp-json\/wp\/v2\/posts\/2231\/revisions"}],"predecessor-version":[{"id":2233,"href":"https:\/\/leyaouanc.fr\/wordpress\/index.php\/wp-json\/wp\/v2\/posts\/2231\/revisions\/2233"}],"wp:featuredmedia":[{"embeddable":true,"href":"https:\/\/leyaouanc.fr\/wordpress\/index.php\/wp-json\/wp\/v2\/media\/2232"}],"wp:attachment":[{"href":"https:\/\/leyaouanc.fr\/wordpress\/index.php\/wp-json\/wp\/v2\/media?parent=2231"}],"wp:term":[{"taxonomy":"category","embeddable":true,"href":"https:\/\/leyaouanc.fr\/wordpress\/index.php\/wp-json\/wp\/v2\/categories?post=2231"},{"taxonomy":"post_tag","embeddable":true,"href":"https:\/\/leyaouanc.fr\/wordpress\/index.php\/wp-json\/wp\/v2\/tags?post=2231"}],"curies":[{"name":"wp","href":"https:\/\/api.w.org\/{rel}","templated":true}]}}