{"id":2279,"date":"2019-01-16T08:01:34","date_gmt":"2019-01-16T07:01:34","guid":{"rendered":"https:\/\/leyaouanc.fr\/wordpress\/?p=2279"},"modified":"2019-01-16T08:01:34","modified_gmt":"2019-01-16T07:01:34","slug":"heron-preston-opens-paris-fashion-week","status":"publish","type":"post","link":"https:\/\/leyaouanc.fr\/wordpress\/index.php\/2019\/01\/16\/heron-preston-opens-paris-fashion-week\/","title":{"rendered":"HERON PRESTON OPENS PARIS FASHION WEEK"},"content":{"rendered":"<p style=\"text-align: justify;\">Heron Preston, au Palais de Tokyo, pr\u00e9sente le premier d\u00e9fil\u00e9 de son label dans le calendrier officiel de la Paris Men\u2019s Fashion Week. Preston, \u00e9lev\u00e9 dans la culture du skate \u00e0 San Francisco o\u00f9 il a grandi, n\u2019a rien \u00e0 voir avec la ville britannique situ\u00e9e dans le comt\u00e9 de Lancashire. Celui-ci a commenc\u00e9 \u00e0 faire du buzz sur les m\u00e9dias sociaux en 2012 avec son projet artistique sur le t-shirt Givenchy Rottweiler. Il y a quelques ann\u00e9es, quand il a commenc\u00e9 \u00e0 travailler avec Kanye West, il a d\u00e9couvert le monde de la mode parisienne.<\/p>\n<p style=\"text-align: justify;\">Ancien directeur artistique du mari de la Kardashian, Preston est consid\u00e9r\u00e9 comme l\u2019homme de la Renaissance post-Internet. Il a travaill\u00e9 pour Nike et a fait partie du collectif artistique et DJ Been Trill avec Virgil Abloh, Justin Saunders et Matthew Williams. Il a d\u00e9m\u00e9nag\u00e9 \u00e0 New York en 2004 pour reprendre ses \u00e9tudes \u00e0 la Parsons School of Design. Viendra-t-il d\u00e9finitivement \u00e0 Paris ?<\/p>\n<p style=\"text-align: justify;\">Compar\u00e9 souvent \u00e0 Off-White et Virgil Abloh\u2026 \u00ab Cela ne l\u2019\u00e9tonne pas car nous avons travaill\u00e9 ensemble \u00bb. Lorsqu\u2019on lui a demand\u00e9 s\u2019il \u00e9tait surr\u00e9aliste de se produire \u00e0 Paris aux c\u00f4t\u00e9s de Williams, avec son label 1017 Alyx 9SM, et d\u2019Abloh, fondateur de Off-White et directeur artistique masculin chez Louis Vuitton dont le show inaugural pour la maison en juin dernier a \u00e9t\u00e9 consid\u00e9r\u00e9 comme un moment d\u00e9cisif dans la mode, Preston a dit que tout se passe si vite, \u00ab qu\u2019il est difficile pour lui de faire une pause et de r\u00e9fl\u00e9chir \u00e0 tout cela \u00bb.<\/p>\n<p style=\"text-align: justify;\">M\u00eame si l\u2019homme est adoub\u00e9 par la profession et Abloh son pote, celui-ci est beaucoup moins talentueux que le cr\u00e9ateur de Vuitton Homme, car s\u2019il avait \u00e9t\u00e9 dou\u00e9 Vuitton l\u2019aurait d\u00e9j\u00e0 rentr\u00e9 dans son incubateur de cr\u00e9ateurs. Toutefois, je vous laisse juge.<\/p>\n<p style=\"text-align: justify;\">Anonymode<\/p>\n","protected":false},"excerpt":{"rendered":"<p>Heron Preston, au Palais de Tokyo, pr\u00e9sente le premier d\u00e9fil\u00e9 de son label dans le calendrier officiel de [&hellip;]<\/p>\n","protected":false},"author":1,"featured_media":2280,"comment_status":"closed","ping_status":"open","sticky":false,"template":"","format":"standard","meta":[],"categories":[24,23],"tags":[],"_links":{"self":[{"href":"https:\/\/leyaouanc.fr\/wordpress\/index.php\/wp-json\/wp\/v2\/posts\/2279"}],"collection":[{"href":"https:\/\/leyaouanc.fr\/wordpress\/index.php\/wp-json\/wp\/v2\/posts"}],"about":[{"href":"https:\/\/leyaouanc.fr\/wordpress\/index.php\/wp-json\/wp\/v2\/types\/post"}],"author":[{"embeddable":true,"href":"https:\/\/leyaouanc.fr\/wordpress\/index.php\/wp-json\/wp\/v2\/users\/1"}],"replies":[{"embeddable":true,"href":"https:\/\/leyaouanc.fr\/wordpress\/index.php\/wp-json\/wp\/v2\/comments?post=2279"}],"version-history":[{"count":1,"href":"https:\/\/leyaouanc.fr\/wordpress\/index.php\/wp-json\/wp\/v2\/posts\/2279\/revisions"}],"predecessor-version":[{"id":2281,"href":"https:\/\/leyaouanc.fr\/wordpress\/index.php\/wp-json\/wp\/v2\/posts\/2279\/revisions\/2281"}],"wp:featuredmedia":[{"embeddable":true,"href":"https:\/\/leyaouanc.fr\/wordpress\/index.php\/wp-json\/wp\/v2\/media\/2280"}],"wp:attachment":[{"href":"https:\/\/leyaouanc.fr\/wordpress\/index.php\/wp-json\/wp\/v2\/media?parent=2279"}],"wp:term":[{"taxonomy":"category","embeddable":true,"href":"https:\/\/leyaouanc.fr\/wordpress\/index.php\/wp-json\/wp\/v2\/categories?post=2279"},{"taxonomy":"post_tag","embeddable":true,"href":"https:\/\/leyaouanc.fr\/wordpress\/index.php\/wp-json\/wp\/v2\/tags?post=2279"}],"curies":[{"name":"wp","href":"https:\/\/api.w.org\/{rel}","templated":true}]}}