{"id":2349,"date":"2019-02-14T08:52:28","date_gmt":"2019-02-14T07:52:28","guid":{"rendered":"https:\/\/leyaouanc.fr\/wordpress\/?p=2349"},"modified":"2019-02-14T08:53:01","modified_gmt":"2019-02-14T07:53:01","slug":"le-luxe-dictateur-de-nos-vies","status":"publish","type":"post","link":"https:\/\/leyaouanc.fr\/wordpress\/index.php\/2019\/02\/14\/le-luxe-dictateur-de-nos-vies\/","title":{"rendered":"LE LUXE DICTATEUR DE NOS VIES"},"content":{"rendered":"<p style=\"text-align: justify;\">Cette uniformisation de notre soci\u00e9t\u00e9 et du consommateur &#8211; m\u00eame les fascistes allemands n&rsquo;avaient pas r\u00e9ussi \u00e0 l&rsquo;imposer &#8211; c&rsquo;est le nouveau pouvoir de la soci\u00e9t\u00e9 de consommation qui r\u00e9ussit \u00e0 construire parfaitement autour de nous un mur (c&rsquo;est \u00e0 la mode ) en d\u00e9truisant le r\u00e9el pour nous faire plonger dans un monde immat\u00e9riel, cela nous mettra peut-\u00eatre, \u00e0 l\u2019\u00e9chelon de Dieu, comme un esprit en devenant immat\u00e9riel.<\/p>\n<p style=\"text-align: justify;\">C&rsquo;est la nouvelle fa\u00e7on d&rsquo;\u00eatre humain, et la France produit ce nouveau sch\u00e9ma command\u00e9 par nos nouveaux leaders les grands capitaines d&rsquo;industrie du luxe qui nous font croire que notre vie ne serait pas supportable sans Iphone ou sans sac Chanel. Ce culturalisme est en train de d\u00e9truire notre pays, et on peut dire, sans h\u00e9sitation, que le vrai fascisme, c&rsquo;est le pouvoir de cette soci\u00e9t\u00e9 de consommation. C&rsquo;est comme une sorte de cauchemar dans lequel on voit son pays se d\u00e9truire jusqu&rsquo;\u00e0 dispara\u00eetre. Et en se r\u00e9veillant, on regardera autour de nous et on se rendra compte qu&rsquo;il n&rsquo;y a plus rien \u00e0 faire, que de crier \u00a0\u00bb Macron !!! ou autre \u00a0\u00bb pour essayer de se raccrocher \u00e0 une illusion.<\/p>\n<p style=\"text-align: justify;\">Pire que l&#8217;empreinte de la guerre, il y a aujourd&rsquo;hui des outils beaucoup plus sournois et beaucoup plus puissants qui vont faire de l&rsquo;homme un esclave (la t\u00e9l\u00e9vision et l&rsquo;Internet). La f\u00e9rocit\u00e9 des camps de redressement\u00a0et de l&rsquo;esclavage de l&rsquo;homme par l&rsquo;homme aurait d\u00fb nous mettre la puce \u00e0 l&rsquo;oreille. Cette d\u00e9mocratie est d&rsquo;une violence extr\u00eamement\u00a0 v\u00e9loce, et, cela, gr\u00e2ce \u00e0 ces nouveaux instruments de pouvoir, \u00e0 qui rien ne r\u00e9siste.<\/p>\n<p style=\"text-align: justify;\">Je vois d\u00e9filer sur mes \u00e9crans des hommes et des femmes de nulle part assis aux premiers rangs des pr\u00e9sentations de la fashion week qui diffusent des messages pr\u00e9-m\u00e2ch\u00e9s \u00e0 un public abruti par les images et les embouteillages. Ceux-ci sont laiss\u00e9s \u00e0 la d\u00e9rive et suffisamment \u00e9puis\u00e9s pour faire tomber les derni\u00e8res barri\u00e8res de leur possibilit\u00e9 de r\u00e9volte. La d\u00e9consommation et l&rsquo;anti-consum\u00e9risme sont en marche, et ne sous-estimez pas ce ph\u00e9nom\u00e8ne, qui va tout emporter sur son passage, et provoquer probablement la prochaine guerre mondiale.<\/p>\n<p style=\"text-align: justify;\">Anonymode<\/p>\n","protected":false},"excerpt":{"rendered":"<p>Cette uniformisation de notre soci\u00e9t\u00e9 et du consommateur &#8211; m\u00eame les fascistes allemands n&rsquo;avaient pas r\u00e9ussi \u00e0 l&rsquo;imposer [&hellip;]<\/p>\n","protected":false},"author":1,"featured_media":2350,"comment_status":"closed","ping_status":"open","sticky":false,"template":"","format":"standard","meta":[],"categories":[1],"tags":[],"_links":{"self":[{"href":"https:\/\/leyaouanc.fr\/wordpress\/index.php\/wp-json\/wp\/v2\/posts\/2349"}],"collection":[{"href":"https:\/\/leyaouanc.fr\/wordpress\/index.php\/wp-json\/wp\/v2\/posts"}],"about":[{"href":"https:\/\/leyaouanc.fr\/wordpress\/index.php\/wp-json\/wp\/v2\/types\/post"}],"author":[{"embeddable":true,"href":"https:\/\/leyaouanc.fr\/wordpress\/index.php\/wp-json\/wp\/v2\/users\/1"}],"replies":[{"embeddable":true,"href":"https:\/\/leyaouanc.fr\/wordpress\/index.php\/wp-json\/wp\/v2\/comments?post=2349"}],"version-history":[{"count":1,"href":"https:\/\/leyaouanc.fr\/wordpress\/index.php\/wp-json\/wp\/v2\/posts\/2349\/revisions"}],"predecessor-version":[{"id":2351,"href":"https:\/\/leyaouanc.fr\/wordpress\/index.php\/wp-json\/wp\/v2\/posts\/2349\/revisions\/2351"}],"wp:featuredmedia":[{"embeddable":true,"href":"https:\/\/leyaouanc.fr\/wordpress\/index.php\/wp-json\/wp\/v2\/media\/2350"}],"wp:attachment":[{"href":"https:\/\/leyaouanc.fr\/wordpress\/index.php\/wp-json\/wp\/v2\/media?parent=2349"}],"wp:term":[{"taxonomy":"category","embeddable":true,"href":"https:\/\/leyaouanc.fr\/wordpress\/index.php\/wp-json\/wp\/v2\/categories?post=2349"},{"taxonomy":"post_tag","embeddable":true,"href":"https:\/\/leyaouanc.fr\/wordpress\/index.php\/wp-json\/wp\/v2\/tags?post=2349"}],"curies":[{"name":"wp","href":"https:\/\/api.w.org\/{rel}","templated":true}]}}