{"id":2579,"date":"2019-06-27T07:45:49","date_gmt":"2019-06-27T05:45:49","guid":{"rendered":"https:\/\/leyaouanc.fr\/wordpress\/?p=2579"},"modified":"2019-06-27T07:48:54","modified_gmt":"2019-06-27T05:48:54","slug":"on-aura-tout-vu-paros","status":"publish","type":"post","link":"https:\/\/leyaouanc.fr\/wordpress\/index.php\/2019\/06\/27\/on-aura-tout-vu-paros\/","title":{"rendered":"ON AURA TOUT VU PAROS"},"content":{"rendered":"<p style=\"text-align: justify;\">\u00ab On Aura Tout Vu \u00bb s\u2019installe \u00e0 Paros dans la mer \u00c9g\u00e9e. \u00cele c\u00e9l\u00e8bre pour ses villages traditionnels et, dont la capitale de Parikia repr\u00e9sente le centre de l\u2019archipel des Cyclades, abrite la basilique de la Panagia Ekatontapiliani, \u00e9glise byzantine datant du IVe si\u00e8cle apr\u00e8s J.-C. ? C\u2019est l\u00e0 que la maison de couture parisienne, r\u00e9put\u00e9e pour ses accessoires en cristal, \u00e0 la fois chic et d\u00e9cal\u00e9s, a choisi de s\u2019installer dans un magasin baptis\u00e9 \u00ab On Aura Tout Vu Paris Paros \u00bb. La boutique propose une large s\u00e9lection de bijoux mais \u00e9galement des capsules pens\u00e9es et r\u00e9alis\u00e9es dans les ateliers parisiens, r\u00e9serv\u00e9e \u00e0 la client\u00e8le des Cyclades.<\/p>\n<p style=\"text-align: justify;\">On y retrouve des casquettes, des capelines, des chaussures et une ligne de maroquineries allant du sac de plage aux cabas en passant par les sacs bananes jusqu\u2019aux petites pochettes et, bien s\u00fbr, une collection de minaudi\u00e8res, le tout agr\u00e9ment\u00e9 de cristaux.<\/p>\n<p style=\"text-align: justify;\">Inimaginable d\u2019ouvrir une boutique dans le pays d\u2019Icare sans y proposer des lunettes de soleil pour ne pas se br\u00fbler les yeux. La nouvelle ligne \u00ab On Aura Tout Vu Eyewear \u00bb a tout naturellement trouv\u00e9 sa place et propose l\u2019int\u00e9gralit\u00e9 de ses mod\u00e8les, sans d\u00e9laisser la gente masculine. Boutique qui ne sera pas scell\u00e9e dans le marbre, celui-l\u00e0 m\u00eame qui fait partie de la c\u00e9l\u00e9brit\u00e9 de l\u2019\u00eele, car il est le marbre le plus translucide au monde.<\/p>\n<p style=\"text-align: justify;\">En clin d\u2019\u0153il \u00e0 la couture et aux combinaisons imprim\u00e9es seconde peau, qui rythment g\u00e9n\u00e9ralement les d\u00e9fil\u00e9s de la maison. Une ligne de t-shirts en tulle transparent recouverts d\u2019imprim\u00e9s exclusifs sont propos\u00e9s \u00e0 des prix tout-\u00e0-fait abordables. A l\u2019image de la maison, la boutique enti\u00e8rement blanche et grise se pare de cristaux et scintille de mille feux pour ne jamais passer inaper\u00e7u. \u00ab On Aura Tout Vu Paris Paros \u00bb vous accueille tous les jours de la semaine \u00e0 partir du mois de mai jusqu\u2019au 15 septembre 2019.<\/p>\n<p style=\"text-align: justify;\">Anonymode<\/p>\n<p><img loading=\"lazy\" class=\"alignnone wp-image-2582 size-full\" src=\"https:\/\/leyaouanc.fr\/wordpress\/wp-content\/uploads\/2019\/06\/canal-3.jpg\" alt=\"\" width=\"800\" height=\"540\" srcset=\"https:\/\/leyaouanc.fr\/wordpress\/wp-content\/uploads\/2019\/06\/canal-3.jpg 800w, https:\/\/leyaouanc.fr\/wordpress\/wp-content\/uploads\/2019\/06\/canal-3-300x203.jpg 300w, https:\/\/leyaouanc.fr\/wordpress\/wp-content\/uploads\/2019\/06\/canal-3-768x518.jpg 768w, https:\/\/leyaouanc.fr\/wordpress\/wp-content\/uploads\/2019\/06\/canal-3-450x304.jpg 450w, https:\/\/leyaouanc.fr\/wordpress\/wp-content\/uploads\/2019\/06\/canal-3-741x500.jpg 741w\" sizes=\"(max-width: 739px) 94vw, (max-width: 800px) 88vw, 800px\" \/><\/p>\n","protected":false},"excerpt":{"rendered":"<p>\u00ab On Aura Tout Vu \u00bb s\u2019installe \u00e0 Paros dans la mer \u00c9g\u00e9e. \u00cele c\u00e9l\u00e8bre pour ses villages [&hellip;]<\/p>\n","protected":false},"author":1,"featured_media":2580,"comment_status":"closed","ping_status":"open","sticky":false,"template":"","format":"standard","meta":[],"categories":[23],"tags":[],"_links":{"self":[{"href":"https:\/\/leyaouanc.fr\/wordpress\/index.php\/wp-json\/wp\/v2\/posts\/2579"}],"collection":[{"href":"https:\/\/leyaouanc.fr\/wordpress\/index.php\/wp-json\/wp\/v2\/posts"}],"about":[{"href":"https:\/\/leyaouanc.fr\/wordpress\/index.php\/wp-json\/wp\/v2\/types\/post"}],"author":[{"embeddable":true,"href":"https:\/\/leyaouanc.fr\/wordpress\/index.php\/wp-json\/wp\/v2\/users\/1"}],"replies":[{"embeddable":true,"href":"https:\/\/leyaouanc.fr\/wordpress\/index.php\/wp-json\/wp\/v2\/comments?post=2579"}],"version-history":[{"count":2,"href":"https:\/\/leyaouanc.fr\/wordpress\/index.php\/wp-json\/wp\/v2\/posts\/2579\/revisions"}],"predecessor-version":[{"id":2583,"href":"https:\/\/leyaouanc.fr\/wordpress\/index.php\/wp-json\/wp\/v2\/posts\/2579\/revisions\/2583"}],"wp:featuredmedia":[{"embeddable":true,"href":"https:\/\/leyaouanc.fr\/wordpress\/index.php\/wp-json\/wp\/v2\/media\/2580"}],"wp:attachment":[{"href":"https:\/\/leyaouanc.fr\/wordpress\/index.php\/wp-json\/wp\/v2\/media?parent=2579"}],"wp:term":[{"taxonomy":"category","embeddable":true,"href":"https:\/\/leyaouanc.fr\/wordpress\/index.php\/wp-json\/wp\/v2\/categories?post=2579"},{"taxonomy":"post_tag","embeddable":true,"href":"https:\/\/leyaouanc.fr\/wordpress\/index.php\/wp-json\/wp\/v2\/tags?post=2579"}],"curies":[{"name":"wp","href":"https:\/\/api.w.org\/{rel}","templated":true}]}}