{"id":2625,"date":"2019-07-16T08:49:53","date_gmt":"2019-07-16T06:49:53","guid":{"rendered":"https:\/\/leyaouanc.fr\/wordpress\/?p=2625"},"modified":"2019-07-16T08:49:53","modified_gmt":"2019-07-16T06:49:53","slug":"eymeric-francois-barbe-a-papa","status":"publish","type":"post","link":"https:\/\/leyaouanc.fr\/wordpress\/index.php\/2019\/07\/16\/eymeric-francois-barbe-a-papa\/","title":{"rendered":"EYMERIC FRANCOIS BARBE A PAPA"},"content":{"rendered":"<p style=\"text-align: justify;\">Elle s\u2019appelait alors \u00ab rue de l\u2019Enfer \u00bb, nom probablement d\u00fb \u00e0 sa proximit\u00e9 avec la \u00ab rue de Paradis \u00bb. C\u2019est ici que nous arrivons pour la collection d\u2019Eymeric Fran\u00e7ois. Cette rue s\u2019appelle dor\u00e9navant la \u00ab rue Bleue \u00bb. L\u2019histoire raconte que son nom provient d\u2019une manufacture de boules de cristal du m\u00eame nom, fond\u00e9e bien avant que Jacques Mouclier ait des bureaux non loin de l\u00e0 quand il pr\u00e9sidait la F\u00e9d\u00e9ration de la Cristallerie. La rue de la chaleur et de la fureur de coudre est peut-\u00eatre aussi celle des furies que propose Eymeric par ses mannequins, r\u00eave d\u2019un h\u00e9t\u00e9ro comme ces divinit\u00e9s romaines non soumises \u00e0 Zeus qui tourmentaient les hommes pour les faire expier, un songe, en tous cas, pour moi\u2026<\/p>\n<p style=\"text-align: justify;\">Un flot interminable au pied de l\u2019immeuble, je rencontre Xavier Chaumette, le noble prince et historien de la mode qui dans son infinie gentillesse m\u2019adresse la parole en me faisant croire que l\u2019instruit c\u2019est moi alors que la culture toute enti\u00e8re du m\u00e9tier c\u2019est lui. Comme une montagne tombant \u00e0 jamais dans des mers sans nul rivage, il attend patiemment de voir la collection de ce talentueux couturier. Je pr\u00e9pare mes crayons car j\u2019aspire aux cieux qui d\u00e9bordent des eaux calmes et glac\u00e9es d\u2019un verre de th\u00e9 qui viendra me transformer en un Rimbaud, le m\u00eame que certaines Bimbos, derri\u00e8re moi, lisent \u00ab Rambo \u00bb, le prince des po\u00e8tes militaro-am\u00e9ricains !<\/p>\n<p style=\"text-align: justify;\">C\u2019\u00e9tait comme une romance de robes qui se pla\u00eet \u00e0 chanter le f\u00e9minin, parmi des coiffures gonfl\u00e9es comme des barbes \u00e0 papa, qui me rappellent le temps o\u00f9 le Seigneur des Arnault n\u2019\u00e9tait pas encore propri\u00e9taire de la rivi\u00e8re enchant\u00e9e. Robes de m\u00e9tal pour peau douce de soie rose \u00ab de Max pas vraiment Mad \u00bb, une subtilit\u00e9 de la mode dans un appartement chaud comme de la braise, mais la chaleur n\u2019y \u00e9tait pour rien, seuls les mod\u00e8les pr\u00e9sent\u00e9s chauffaient les esprits de la cr\u00e9ation plus que de raison.<\/p>\n<p style=\"text-align: justify;\">J\u2019aime ce cr\u00e9ateur et je n\u2019en fais pas myst\u00e8re, car il est beau aussi bien de l\u2019ext\u00e9rieur que de l\u2019int\u00e9rieur. Toujours avec soin, il coud comme il parle avec timidit\u00e9, pour au final, briller de mille feux. Du sortil\u00e8ge \u00e0 la rue bleue, de Dinan \u00e0 la Fashion Week du pays de l\u2019Empereur Stefan Du\u0161an, la Masquerade pour un masque qui cache un subtil homme de talent et qui \u00e9mule l\u2019aile calme de ma plume par son esprit tout entier.<\/p>\n<p style=\"text-align: justify;\">Anonymode<\/p>\n","protected":false},"excerpt":{"rendered":"<p>Elle s\u2019appelait alors \u00ab rue de l\u2019Enfer \u00bb, nom probablement d\u00fb \u00e0 sa proximit\u00e9 avec la \u00ab rue [&hellip;]<\/p>\n","protected":false},"author":1,"featured_media":2626,"comment_status":"closed","ping_status":"open","sticky":false,"template":"","format":"standard","meta":[],"categories":[1],"tags":[],"_links":{"self":[{"href":"https:\/\/leyaouanc.fr\/wordpress\/index.php\/wp-json\/wp\/v2\/posts\/2625"}],"collection":[{"href":"https:\/\/leyaouanc.fr\/wordpress\/index.php\/wp-json\/wp\/v2\/posts"}],"about":[{"href":"https:\/\/leyaouanc.fr\/wordpress\/index.php\/wp-json\/wp\/v2\/types\/post"}],"author":[{"embeddable":true,"href":"https:\/\/leyaouanc.fr\/wordpress\/index.php\/wp-json\/wp\/v2\/users\/1"}],"replies":[{"embeddable":true,"href":"https:\/\/leyaouanc.fr\/wordpress\/index.php\/wp-json\/wp\/v2\/comments?post=2625"}],"version-history":[{"count":1,"href":"https:\/\/leyaouanc.fr\/wordpress\/index.php\/wp-json\/wp\/v2\/posts\/2625\/revisions"}],"predecessor-version":[{"id":2627,"href":"https:\/\/leyaouanc.fr\/wordpress\/index.php\/wp-json\/wp\/v2\/posts\/2625\/revisions\/2627"}],"wp:featuredmedia":[{"embeddable":true,"href":"https:\/\/leyaouanc.fr\/wordpress\/index.php\/wp-json\/wp\/v2\/media\/2626"}],"wp:attachment":[{"href":"https:\/\/leyaouanc.fr\/wordpress\/index.php\/wp-json\/wp\/v2\/media?parent=2625"}],"wp:term":[{"taxonomy":"category","embeddable":true,"href":"https:\/\/leyaouanc.fr\/wordpress\/index.php\/wp-json\/wp\/v2\/categories?post=2625"},{"taxonomy":"post_tag","embeddable":true,"href":"https:\/\/leyaouanc.fr\/wordpress\/index.php\/wp-json\/wp\/v2\/tags?post=2625"}],"curies":[{"name":"wp","href":"https:\/\/api.w.org\/{rel}","templated":true}]}}