{"id":2628,"date":"2019-07-17T06:32:46","date_gmt":"2019-07-17T04:32:46","guid":{"rendered":"https:\/\/leyaouanc.fr\/wordpress\/?p=2628"},"modified":"2019-07-17T06:32:46","modified_gmt":"2019-07-17T04:32:46","slug":"le-cirque-des-poetes-abacus","status":"publish","type":"post","link":"https:\/\/leyaouanc.fr\/wordpress\/index.php\/2019\/07\/17\/le-cirque-des-poetes-abacus\/","title":{"rendered":"LE CIRQUE DES PO\u00c8TES ABACUS"},"content":{"rendered":"<p style=\"text-align: justify;\">Un spectacle qui d\u00e9tonne, m\u00ealant cirque et danse, comique et dramaturgie, un coup de poing qui, par le m\u00e9lange des genres, nous entra\u00eene dans un voyage de la vie dans toute sa complexit\u00e9 et sa beaut\u00e9. Rapha\u00eblle Boitel, danseuse circassienne, \u2013 \u00ab traduisez du Caucase \u00bb \u2013 chor\u00e9graphe et metteur en sc\u00e8ne, rend un hommage profond\u00e9ment touchant et poignant au cirque, et plus particuli\u00e8rement \u00e0 Annie Fratellini, premi\u00e8re femme clown avec qui elle a eu la chance de travailler.<\/p>\n<p style=\"text-align: justify;\">Miroir profond et sombre, o\u00f9 des anges charmants charg\u00e9s de myst\u00e8re, apparaissent dans des murmures d\u2019un rayon de lumi\u00e8re transport\u00e9 par un public m\u00e9dus\u00e9. Le cirque rejoint ici le merveilleux, un mirage qui vous plonge dans un r\u00eave. Des tableaux qui nous plongent, gr\u00e2ce \u00e0 des jeux de lumi\u00e8re qui ne sont pas sans rappeler les clairs-obscurs du Caravage, dans les profonds contrastes de notre vie int\u00e9rieure.<\/p>\n<p style=\"text-align: justify;\">Et quand les lumi\u00e8res s\u2019\u00e9teignent, c\u2019est pour mieux rena\u00eetre par un projecteur \u00e9clairant des zones d\u2019ombre vides, le temps est comme suspendu. Perches et autres accessoires d\u00e9ambulent sur sc\u00e8ne, au m\u00eame titre que les 5 danseurs qui surviennent alors sur les planches et les deux membres de l\u2019\u00e9quipe technique qui interagissent avec eux \u00e0 travers des jeux de cerceaux, de tissus, de sangles, des performances de funambulisme et de jonglage qui nous font osciller entre le rire et les larmes.<\/p>\n<p style=\"text-align: justify;\">Avec 5es Hurlants, la Scala nous propose un spectacle extraordinaire, m\u00ealant le cirque et la danse, le comique et le drame. Une sorte de conte libertaire qui conjugue humour surr\u00e9aliste et sens du f\u00e9erique. A ne pas manquer.<\/p>\n<p style=\"text-align: justify;\">Anonymode<\/p>\n<p style=\"text-align: justify;\">5es Hurlants<br \/>\nLa Scala Paris<br \/>\n13, boulevard de Strasbourg 10e<br \/>\nDu 4 au 20 juillet 2019<\/p>\n","protected":false},"excerpt":{"rendered":"<p>Un spectacle qui d\u00e9tonne, m\u00ealant cirque et danse, comique et dramaturgie, un coup de poing qui, par le [&hellip;]<\/p>\n","protected":false},"author":1,"featured_media":2629,"comment_status":"closed","ping_status":"open","sticky":false,"template":"","format":"standard","meta":[],"categories":[4,24,23],"tags":[],"_links":{"self":[{"href":"https:\/\/leyaouanc.fr\/wordpress\/index.php\/wp-json\/wp\/v2\/posts\/2628"}],"collection":[{"href":"https:\/\/leyaouanc.fr\/wordpress\/index.php\/wp-json\/wp\/v2\/posts"}],"about":[{"href":"https:\/\/leyaouanc.fr\/wordpress\/index.php\/wp-json\/wp\/v2\/types\/post"}],"author":[{"embeddable":true,"href":"https:\/\/leyaouanc.fr\/wordpress\/index.php\/wp-json\/wp\/v2\/users\/1"}],"replies":[{"embeddable":true,"href":"https:\/\/leyaouanc.fr\/wordpress\/index.php\/wp-json\/wp\/v2\/comments?post=2628"}],"version-history":[{"count":1,"href":"https:\/\/leyaouanc.fr\/wordpress\/index.php\/wp-json\/wp\/v2\/posts\/2628\/revisions"}],"predecessor-version":[{"id":2630,"href":"https:\/\/leyaouanc.fr\/wordpress\/index.php\/wp-json\/wp\/v2\/posts\/2628\/revisions\/2630"}],"wp:featuredmedia":[{"embeddable":true,"href":"https:\/\/leyaouanc.fr\/wordpress\/index.php\/wp-json\/wp\/v2\/media\/2629"}],"wp:attachment":[{"href":"https:\/\/leyaouanc.fr\/wordpress\/index.php\/wp-json\/wp\/v2\/media?parent=2628"}],"wp:term":[{"taxonomy":"category","embeddable":true,"href":"https:\/\/leyaouanc.fr\/wordpress\/index.php\/wp-json\/wp\/v2\/categories?post=2628"},{"taxonomy":"post_tag","embeddable":true,"href":"https:\/\/leyaouanc.fr\/wordpress\/index.php\/wp-json\/wp\/v2\/tags?post=2628"}],"curies":[{"name":"wp","href":"https:\/\/api.w.org\/{rel}","templated":true}]}}