{"id":2792,"date":"2019-10-29T06:22:15","date_gmt":"2019-10-29T05:22:15","guid":{"rendered":"https:\/\/leyaouanc.fr\/wordpress\/?p=2792"},"modified":"2019-10-29T06:22:15","modified_gmt":"2019-10-29T05:22:15","slug":"la-elbaz-du-business","status":"publish","type":"post","link":"https:\/\/leyaouanc.fr\/wordpress\/index.php\/2019\/10\/29\/la-elbaz-du-business\/","title":{"rendered":"LA ELBAZ DU BUSINESS"},"content":{"rendered":"<p style=\"text-align: justify;\">Retour en grasse pour Alber Elbaz, avec l\u2019id\u00e9e pour Richemont de marquer son intention de renforcer sa position dans la mode, et pour la circonstance une joint-venture d\u00e9nomm\u00e9e AZfashion. Tout un programme, pour un projet in\u00e9dit visant \u00e0 trouver quelque chose qui v\u00e9ritablement m\u2019a \u00e9chapp\u00e9 ! Richemont a r\u00e9cemment achet\u00e9 le bijoutier Italien Buccellati \u00e0 ses propri\u00e9taires chinois, et il y a environ 12 mois, le groupe cr\u00e9e une joint-venture avec Alibaba pour pousser Net-a-porter. O\u00f9 est la coh\u00e9rence entre le supra-luxe et net-\u00e0-porter, qui rime avec pr\u00eat-\u00e0-porter, un \u00e9cran de fum\u00e9e peut-\u00eatre.<\/p>\n<p style=\"text-align: justify;\">Le groupe de \u00ab Vacheron consanguin \u00bb d\u00e9crit AZfashion comme \u00ab une start-up innovante et dynamique destin\u00e9e \u00e0 transformer les r\u00eaves en r\u00e9alit\u00e9 \u00bb. Johann Rupert doit avoir commenc\u00e9 \u00e0 fumer la moquette, et il para\u00eet qu\u2019en entendant Alber d\u00e9crire sa vision de la mode et les projets qu\u2019elle lui inspire, le viel homme \u00e0 la Chrysler de plus de 20 ans d\u2019\u00e2ge et qui vit toujours chez ses parents, a \u00e9t\u00e9 charm\u00e9. \u00ab Frapp\u00e9 par sa cr\u00e9ativit\u00e9 et sa perspicacit\u00e9, son talent dit-il et son inventivit\u00e9, sa sensibilit\u00e9 envers les femmes et leur bien-\u00eatre, seront un grand atout pour notre groupe. Nous accueillons chaleureusement Alber dans le groupe Richemont, et nous nous r\u00e9jouissons d\u2019un partenariat passionnant \u00bb, a-t-il d\u00e9clar\u00e9 en lui remettant le \u00ab Golden Isra\u00e9-Hello \u00bb pour qu\u2019il ait pognon sur rue.<\/p>\n<p style=\"text-align: justify;\">Elbaz a la r\u00e9putation d\u2019\u00eatre un talent Auvergnat, et ayant su faire valoir clairement sa valeur chez Lanvin avec un ch\u00e8que gastronomique, sa petite entreprise AEK Designs, soci\u00e9t\u00e9 priv\u00e9e \u00e0 responsabilit\u00e9 limit\u00e9e mais pas \u00e0 b\u00e9n\u00e9fice limit\u00e9, dont il est le seul propri\u00e9taire, a r\u00e9alis\u00e9 un chiffre d\u2019affaires annuel de 5,6 millions d\u2019euros en 2014, et de 5,9 millions d\u2019euros en 2015.<\/p>\n<p style=\"text-align: justify;\">La cr\u00e9ation de Azfashion aura sans doute un angle ax\u00e9 sur les accessoires, compte-tenu des ambitions et de l\u2019expertise de Richemont dans le secteur et le savoir-faire du cr\u00e9ateur. Ce d\u00e9veloppement annonce le retour d\u2019Elbaz dans le giron du ring de la Fashion pour l\u2019homme qui d\u00e9clarait : \u00ab je ne sais rien faire d\u2019autre \u00bb. A part de l\u2019argent, il sait quand m\u00eame faire autre chose, soutenu maintenant par l\u2019un des groupes de luxe les plus prestigieux au monde, Richemont fait une bonne affaire ou pas ? L\u2019histoire le dira. Para\u00eet-il que Vigneron \u00e0 la nouvelle se serait esclaff\u00e9 : mais dans quel monde Vuitton !<\/p>\n<p style=\"text-align: justify;\">Anonymode<\/p>\n","protected":false},"excerpt":{"rendered":"<p>Retour en grasse pour Alber Elbaz, avec l\u2019id\u00e9e pour Richemont de marquer son intention de renforcer sa position [&hellip;]<\/p>\n","protected":false},"author":1,"featured_media":2793,"comment_status":"closed","ping_status":"open","sticky":false,"template":"","format":"standard","meta":[],"categories":[49,23],"tags":[],"_links":{"self":[{"href":"https:\/\/leyaouanc.fr\/wordpress\/index.php\/wp-json\/wp\/v2\/posts\/2792"}],"collection":[{"href":"https:\/\/leyaouanc.fr\/wordpress\/index.php\/wp-json\/wp\/v2\/posts"}],"about":[{"href":"https:\/\/leyaouanc.fr\/wordpress\/index.php\/wp-json\/wp\/v2\/types\/post"}],"author":[{"embeddable":true,"href":"https:\/\/leyaouanc.fr\/wordpress\/index.php\/wp-json\/wp\/v2\/users\/1"}],"replies":[{"embeddable":true,"href":"https:\/\/leyaouanc.fr\/wordpress\/index.php\/wp-json\/wp\/v2\/comments?post=2792"}],"version-history":[{"count":1,"href":"https:\/\/leyaouanc.fr\/wordpress\/index.php\/wp-json\/wp\/v2\/posts\/2792\/revisions"}],"predecessor-version":[{"id":2794,"href":"https:\/\/leyaouanc.fr\/wordpress\/index.php\/wp-json\/wp\/v2\/posts\/2792\/revisions\/2794"}],"wp:featuredmedia":[{"embeddable":true,"href":"https:\/\/leyaouanc.fr\/wordpress\/index.php\/wp-json\/wp\/v2\/media\/2793"}],"wp:attachment":[{"href":"https:\/\/leyaouanc.fr\/wordpress\/index.php\/wp-json\/wp\/v2\/media?parent=2792"}],"wp:term":[{"taxonomy":"category","embeddable":true,"href":"https:\/\/leyaouanc.fr\/wordpress\/index.php\/wp-json\/wp\/v2\/categories?post=2792"},{"taxonomy":"post_tag","embeddable":true,"href":"https:\/\/leyaouanc.fr\/wordpress\/index.php\/wp-json\/wp\/v2\/tags?post=2792"}],"curies":[{"name":"wp","href":"https:\/\/api.w.org\/{rel}","templated":true}]}}