{"id":2880,"date":"2020-02-07T09:28:10","date_gmt":"2020-02-07T08:28:10","guid":{"rendered":"https:\/\/leyaouanc.fr\/wordpress\/?p=2880"},"modified":"2020-02-07T09:28:10","modified_gmt":"2020-02-07T08:28:10","slug":"azzaro-la-brabanconne-theyskens","status":"publish","type":"post","link":"https:\/\/leyaouanc.fr\/wordpress\/index.php\/2020\/02\/07\/azzaro-la-brabanconne-theyskens\/","title":{"rendered":"AZZARO LA BRABAN\u00c7ONNE THEYSKENS"},"content":{"rendered":"<p style=\"text-align: justify;\">Si je suis content de ma voiture, peut-on appeler cela de l\u2019auto-satisfaction ? Et pour la mode, est-ce la m\u00eame chose ? Il aura suffi d\u2019une robe en couverture de \u00ab ELLE \u00bb avec Cheryl Tiegs en d\u00e9cembre 1968, pour faire conna\u00eetre le styliste Loris Azzaro : une robe claire et d\u00e9collet\u00e9e, mont\u00e9e sur des anneaux en bois. Celui-ci dessinait des collections tr\u00e8s f\u00e9minines et \u00e9tait reconnu pour son glamour en sublimant le corps de la femme. Dans les ann\u00e9es 1970, Loris Azzaro impose ses jerseys de soie et ses drap\u00e9s. De l\u2019autre c\u00f4t\u00e9 de l\u2019Atlantique, les stars d\u2019Hollywood tombent effectivement sous l\u2019emprise de ses drap\u00e9s. Normal, Madame Gr\u00e8s a disparu. Nicole Kidman, Liz Hurley et Sharon Stone foulent les tapis rouges de la plan\u00e8te dans des tenues qui attirent tous les photographes.<\/p>\n<p style=\"text-align: justify;\">Olivier Theyskens saura-t-il relev\u00e9 le d\u00e9fi pour cette maison de Couture ? Ce belge, styliste de son \u00e9tat, vient d\u2019\u00eatre nomm\u00e9 directeur artistique de Loris Azzaro, apr\u00e8s Nina Ricci et Rochas o\u00f9, il faut le dire, il n\u2019a pas fait grand chose de grandiose. Olivier Theyskens devient connu en 1998 quand Madonna, apr\u00e8s avoir vu les photographies de sa premi\u00e8re collection, porte l\u2019une de ses robes en satin noir lors de la c\u00e9r\u00e9monie des Oscars. La m\u00eame ann\u00e9e, Olivier Theyskens pr\u00e9sente son premier d\u00e9fil\u00e9 \u00e0 Paris. Les v\u00eatements sont uniquement destin\u00e9s \u00e0 \u00eatre montr\u00e9s car il n\u2019a alors pas les moyens de prendre des commandes et de produire la collection. Il n\u2019avait certainement pas le t\u00e9l\u00e9phone d\u2019un chinois de contrefa\u00e7on, mais qui pr\u00eat \u00e0 rire n\u2019est pas s\u00fbr d\u2019\u00eatre rembours\u00e9.<\/p>\n<p style=\"text-align: justify;\">Voil\u00e0 encore un cr\u00e9ateur belge de 43 ans qui reprend une marque embl\u00e9matique de la mode Fran\u00e7aise, et cela n\u2019est pas une histoire. Sera-t-il \u00e0 la hauteur ? On a d\u00e9j\u00e0 vu des rois \u00e9pousseter des berg\u00e8res, mais des couturiers remettre la flamme d\u2019une marque dans le giron de la couture, rarement. D. Grumler, lui-m\u00eame, m\u00e9content de son livre, jurait de composer dans sa col\u00e8re un ouvrage qui resterait \u2026 Chez les libraires\u2026 Trop au lit pour \u00eatre honn\u00eate. Apr\u00e8s le dernier Belge Simoens, on peut comprendre la m\u00e9fiance de la profession, mais la vie est courte, l\u2019art est long, l\u2019occasion fugitive, l\u2019exp\u00e9rience trompeuse, le jugement difficile.<\/p>\n<p style=\"text-align: justify;\">Anonymode<\/p>\n","protected":false},"excerpt":{"rendered":"<p>Si je suis content de ma voiture, peut-on appeler cela de l\u2019auto-satisfaction ? Et pour la mode, est-ce [&hellip;]<\/p>\n","protected":false},"author":1,"featured_media":2881,"comment_status":"closed","ping_status":"open","sticky":false,"template":"","format":"standard","meta":[],"categories":[15],"tags":[],"_links":{"self":[{"href":"https:\/\/leyaouanc.fr\/wordpress\/index.php\/wp-json\/wp\/v2\/posts\/2880"}],"collection":[{"href":"https:\/\/leyaouanc.fr\/wordpress\/index.php\/wp-json\/wp\/v2\/posts"}],"about":[{"href":"https:\/\/leyaouanc.fr\/wordpress\/index.php\/wp-json\/wp\/v2\/types\/post"}],"author":[{"embeddable":true,"href":"https:\/\/leyaouanc.fr\/wordpress\/index.php\/wp-json\/wp\/v2\/users\/1"}],"replies":[{"embeddable":true,"href":"https:\/\/leyaouanc.fr\/wordpress\/index.php\/wp-json\/wp\/v2\/comments?post=2880"}],"version-history":[{"count":1,"href":"https:\/\/leyaouanc.fr\/wordpress\/index.php\/wp-json\/wp\/v2\/posts\/2880\/revisions"}],"predecessor-version":[{"id":2882,"href":"https:\/\/leyaouanc.fr\/wordpress\/index.php\/wp-json\/wp\/v2\/posts\/2880\/revisions\/2882"}],"wp:featuredmedia":[{"embeddable":true,"href":"https:\/\/leyaouanc.fr\/wordpress\/index.php\/wp-json\/wp\/v2\/media\/2881"}],"wp:attachment":[{"href":"https:\/\/leyaouanc.fr\/wordpress\/index.php\/wp-json\/wp\/v2\/media?parent=2880"}],"wp:term":[{"taxonomy":"category","embeddable":true,"href":"https:\/\/leyaouanc.fr\/wordpress\/index.php\/wp-json\/wp\/v2\/categories?post=2880"},{"taxonomy":"post_tag","embeddable":true,"href":"https:\/\/leyaouanc.fr\/wordpress\/index.php\/wp-json\/wp\/v2\/tags?post=2880"}],"curies":[{"name":"wp","href":"https:\/\/api.w.org\/{rel}","templated":true}]}}