{"id":2910,"date":"2020-02-26T07:39:05","date_gmt":"2020-02-26T06:39:05","guid":{"rendered":"https:\/\/leyaouanc.fr\/wordpress\/?p=2910"},"modified":"2020-02-26T07:39:05","modified_gmt":"2020-02-26T06:39:05","slug":"coperni-le-prodrome-de-mode","status":"publish","type":"post","link":"https:\/\/leyaouanc.fr\/wordpress\/index.php\/2020\/02\/26\/coperni-le-prodrome-de-mode\/","title":{"rendered":"COPERNI LE PRODROME DE MODE"},"content":{"rendered":"<p style=\"text-align: justify;\">Coperni, les deux fran\u00e7ais Arnaud Vaillant et S\u00e9bastien Meyer qui n&rsquo;avaient d\u00e9j\u00e0 pas faire de miracle chez Courr\u00e8ges, reprennent leur marque \u00ab\u00a0Coperni\u00a0\u00bb en pensant qu&rsquo;ils vont toucher les \u00e9toiles, et nous apprendre que la terre tourne sur elle-m\u00eame et que la lune est un satellite de celle-ci. Les jeunes sont ainsi. Ils pensent qu&rsquo;ils sont venus au monde tr\u00e8s jeune dans un monde tr\u00e8s vieux.<\/p>\n<p style=\"text-align: justify;\">Le duo s&rsquo;est rencontr\u00e9 en 2009 \u00e0 Mod\u2019Art International \u00e0 Paris. Voil\u00e0, certainement le probl\u00e8me ! Il est vrai que les gens qui refusent de vous inviter sont souvent des incertains, et de surcro\u00eet souvent pas les meilleurs ! Voici la mode dans un prosa\u00efque descriptif de la minutie manquante, d\u00e9coupant les couleurs, inspectant l\u2019atome et pointillant l\u2019\u00e9l\u00e9phant pour le c\u00f4t\u00e9 pachydermique. Ils finissent par donner aux yeux de l\u2019esprit la sensation insupportable d&rsquo;un sentiment d&rsquo;un corps en t\u00f4le brillante qui ne fait que de vous \u00e9blouir, et qui vous emp\u00eache de voir les \u00ab\u00a0M\u00fbres\u00a0\u00bb, bien connue les m\u00fbres ont des abeilles.<\/p>\n<p style=\"text-align: justify;\">Il y a assez de bitumeuses comme cela et les choses vulgaires n\u2019ont pas besoin d\u2019\u00eatre augment\u00e9es par un nombre qui submerge jusqu&rsquo;\u00e0 l&rsquo;\u00e9c\u0153urement. Que l&rsquo;on se passe le mot concernant ces couturiers faiseurs de bric-\u00e0-brac, se dissimulant derri\u00e8re des paradoxes truculents et des axiomes pour la populace. Les bimbos de la t\u00e9l\u00e9-r\u00e9alit\u00e9 ne comprendront jamais, pensant \u00eatre f\u00e9minines et distingu\u00e9es. Voici le buzz r\u00e9volutionnairement mou, pour un contre-pied brutal de toutes les id\u00e9es pr\u00e9con\u00e7ues accept\u00e9es par leurs cong\u00e9n\u00e8res&#8230; les singes. Mais, l&rsquo;important n&rsquo;est pas de descendre du singe car l&rsquo;essentiel est de ne pas y remonter.<\/p>\n<p style=\"text-align: justify;\">Anonymode<\/p>\n","protected":false},"excerpt":{"rendered":"<p>Coperni, les deux fran\u00e7ais Arnaud Vaillant et S\u00e9bastien Meyer qui n&rsquo;avaient d\u00e9j\u00e0 pas faire de miracle chez Courr\u00e8ges, [&hellip;]<\/p>\n","protected":false},"author":1,"featured_media":2911,"comment_status":"closed","ping_status":"open","sticky":false,"template":"","format":"standard","meta":[],"categories":[49,23],"tags":[],"_links":{"self":[{"href":"https:\/\/leyaouanc.fr\/wordpress\/index.php\/wp-json\/wp\/v2\/posts\/2910"}],"collection":[{"href":"https:\/\/leyaouanc.fr\/wordpress\/index.php\/wp-json\/wp\/v2\/posts"}],"about":[{"href":"https:\/\/leyaouanc.fr\/wordpress\/index.php\/wp-json\/wp\/v2\/types\/post"}],"author":[{"embeddable":true,"href":"https:\/\/leyaouanc.fr\/wordpress\/index.php\/wp-json\/wp\/v2\/users\/1"}],"replies":[{"embeddable":true,"href":"https:\/\/leyaouanc.fr\/wordpress\/index.php\/wp-json\/wp\/v2\/comments?post=2910"}],"version-history":[{"count":1,"href":"https:\/\/leyaouanc.fr\/wordpress\/index.php\/wp-json\/wp\/v2\/posts\/2910\/revisions"}],"predecessor-version":[{"id":2912,"href":"https:\/\/leyaouanc.fr\/wordpress\/index.php\/wp-json\/wp\/v2\/posts\/2910\/revisions\/2912"}],"wp:featuredmedia":[{"embeddable":true,"href":"https:\/\/leyaouanc.fr\/wordpress\/index.php\/wp-json\/wp\/v2\/media\/2911"}],"wp:attachment":[{"href":"https:\/\/leyaouanc.fr\/wordpress\/index.php\/wp-json\/wp\/v2\/media?parent=2910"}],"wp:term":[{"taxonomy":"category","embeddable":true,"href":"https:\/\/leyaouanc.fr\/wordpress\/index.php\/wp-json\/wp\/v2\/categories?post=2910"},{"taxonomy":"post_tag","embeddable":true,"href":"https:\/\/leyaouanc.fr\/wordpress\/index.php\/wp-json\/wp\/v2\/tags?post=2910"}],"curies":[{"name":"wp","href":"https:\/\/api.w.org\/{rel}","templated":true}]}}