{"id":3540,"date":"2021-04-16T07:56:56","date_gmt":"2021-04-16T05:56:56","guid":{"rendered":"https:\/\/leyaouanc.fr\/wordpress\/?p=3540"},"modified":"2021-04-16T07:56:56","modified_gmt":"2021-04-16T05:56:56","slug":"lair-du-temps-par-puig","status":"publish","type":"post","link":"https:\/\/leyaouanc.fr\/wordpress\/index.php\/2021\/04\/16\/lair-du-temps-par-puig\/","title":{"rendered":"L&rsquo;AIR DU TEMPS PAR PUIG"},"content":{"rendered":"<p style=\"text-align: justify;\">Nina Ricci ferme sa boutique historique \u00e0 Paris. Ainsi la marque, propri\u00e9t\u00e9 du groupe de la p\u00e9ninsule Ib\u00e9rique, Puig, se tournera dor\u00e9navant vers le num\u00e9rique. La marque, fond\u00e9e en 1932 et connue pour ses parfums \u00e0 succ\u00e8s, dont L&rsquo;Air du Temps, devrait lancer un site de E-commerce cet automne. Ricci est distribu\u00e9, par environ 80 d\u00e9taillants dans le monde, dont Le Bon March\u00e9 \u00ab\u00a0Merci mon Seigneur !\u00a0\u00bb, Le Printemps, Bergdorf Goodman, Neiman Marcus, Isetan, Joyce et Lane Crawford. La marque est \u00e9galement vendue en ligne sur Net-a-porter, Farfetch et Ssense.<\/p>\n<p style=\"text-align: justify;\">La boutique historiquement situ\u00e9e au 39 avenue Montaigne, devant la maison du Ma\u00eetre de Granville, sera reprise par Paco Rabanne dont les fen\u00eatres sont d\u00e9j\u00e0 recouvertes d&rsquo;autocollants portant le logo de la marque. La soci\u00e9t\u00e9 m\u00e8re Espagnole est aussi propri\u00e9taire de Carolina Herrera, Jean Paul Gaultier, Dries Van Noten et Penhaligon&rsquo;s.<\/p>\n<p style=\"text-align: justify;\">Bien que les dirigeants de Ricci n&rsquo;aient pas encore expos\u00e9 la nouvelle strat\u00e9gie, les directeurs de la cr\u00e9ation de la marque, Lisi Herrebrugh et Rushemy Botter, ont d\u00e9clar\u00e9 qu&rsquo;ils expliqueraient leurs objectifs \u00e0 l&rsquo;automne 2021. Pour information, le premier est n\u00e9 \u00e0 Cura\u00e7ao et a grandi aux Pays-Bas. Il avait rejoint l\u2019Acad\u00e9mie Royale des Beaux-Arts d\u2019Anvers gr\u00e2ce au soutien de Walter van Beirendonck et Dirk van Saene. De son c\u00f4t\u00e9, Lisi Herrebrugh est n\u00e9e \u00e0 Amsterdam et est dipl\u00f4m\u00e9e de l\u2019Amsterdam Fashion Institute. Le duo faisait partie des finalistes du dernier prix LVMH et a surtout remport\u00e9 le grand prix du dernier festival de Hy\u00e8res. Bref, des cr\u00e9ateurs de la famille mode. Les deux seuls cr\u00e9ateurs de la fashion Week qui ont inscrit sur leur CV comme comp\u00e9tence \u00ab\u00a0Savent respirer\u00a0\u00bb.<\/p>\n<p style=\"text-align: justify;\">Anonymode<\/p>\n","protected":false},"excerpt":{"rendered":"<p>Nina Ricci ferme sa boutique historique \u00e0 Paris. Ainsi la marque, propri\u00e9t\u00e9 du groupe de la p\u00e9ninsule Ib\u00e9rique, [&hellip;]<\/p>\n","protected":false},"author":1,"featured_media":3541,"comment_status":"closed","ping_status":"open","sticky":false,"template":"","format":"standard","meta":[],"categories":[53],"tags":[],"_links":{"self":[{"href":"https:\/\/leyaouanc.fr\/wordpress\/index.php\/wp-json\/wp\/v2\/posts\/3540"}],"collection":[{"href":"https:\/\/leyaouanc.fr\/wordpress\/index.php\/wp-json\/wp\/v2\/posts"}],"about":[{"href":"https:\/\/leyaouanc.fr\/wordpress\/index.php\/wp-json\/wp\/v2\/types\/post"}],"author":[{"embeddable":true,"href":"https:\/\/leyaouanc.fr\/wordpress\/index.php\/wp-json\/wp\/v2\/users\/1"}],"replies":[{"embeddable":true,"href":"https:\/\/leyaouanc.fr\/wordpress\/index.php\/wp-json\/wp\/v2\/comments?post=3540"}],"version-history":[{"count":1,"href":"https:\/\/leyaouanc.fr\/wordpress\/index.php\/wp-json\/wp\/v2\/posts\/3540\/revisions"}],"predecessor-version":[{"id":3542,"href":"https:\/\/leyaouanc.fr\/wordpress\/index.php\/wp-json\/wp\/v2\/posts\/3540\/revisions\/3542"}],"wp:featuredmedia":[{"embeddable":true,"href":"https:\/\/leyaouanc.fr\/wordpress\/index.php\/wp-json\/wp\/v2\/media\/3541"}],"wp:attachment":[{"href":"https:\/\/leyaouanc.fr\/wordpress\/index.php\/wp-json\/wp\/v2\/media?parent=3540"}],"wp:term":[{"taxonomy":"category","embeddable":true,"href":"https:\/\/leyaouanc.fr\/wordpress\/index.php\/wp-json\/wp\/v2\/categories?post=3540"},{"taxonomy":"post_tag","embeddable":true,"href":"https:\/\/leyaouanc.fr\/wordpress\/index.php\/wp-json\/wp\/v2\/tags?post=3540"}],"curies":[{"name":"wp","href":"https:\/\/api.w.org\/{rel}","templated":true}]}}