{"id":3663,"date":"2021-11-17T07:05:42","date_gmt":"2021-11-17T06:05:42","guid":{"rendered":"https:\/\/leyaouanc.fr\/wordpress\/?p=3663"},"modified":"2021-11-17T07:07:49","modified_gmt":"2021-11-17T06:07:49","slug":"bihor-jadior","status":"publish","type":"post","link":"https:\/\/leyaouanc.fr\/wordpress\/index.php\/2021\/11\/17\/bihor-jadior\/","title":{"rendered":"BIHOR J\u2019ADIOR"},"content":{"rendered":"<p style=\"text-align: justify;\">Pour la collection Dior 2017, la Maria de Gracias \u00ab Chou riz \u00bb, vestale invers\u00e9e d\u2019un monde interlope o\u00f9 son talent ronronne en veilleuse, \u00ab since pira \u00bb de motifs traditionnels roumains, savoir-faire ancestral d\u2019une r\u00e9gion de Transylvanie, en passant sous silence, bien s\u00fbr cet \u00ab emprunt \u00bb, que \u00bb la Chou riz \u00bb a certainement confondu entre Roumain et Romaine. \u00ab Bihor, J\u2019adiore ! \u00bb La cr\u00e9atrice g\u00e9nie des Carpates, et apr\u00e8s avoir descendu plus que de raison la \u00ab \u021buic\u0103 \u00bb qui avait d\u00fb couler \u00e0 flot ce jour-l\u00e0 dans la demeure du ma\u00eetre des ab\u00eemes, Le comte Dracula, dont elle est l\u2019amie, proposa plusieurs nouvelles tenues, dont certaines, avec fleurs et fourrures, inspir\u00e9es des tenues traditionnelles de la r\u00e9gion de Bihor, en Roumanie.<\/p>\n<p style=\"text-align: justify;\">C\u2019est un territoire \u00e0 la fronti\u00e8re avec la Hongrie qui entretient encore des styles vestimentaires ancestraux. Les habitants portent notamment des gilets sans manche, d\u00e9cor\u00e9s \u00e0 la main et tr\u00e8s color\u00e9s, un style que l\u2019on retrouve \u00e0 l\u2019identique sur plusieurs mannequins de la collection du label du Ma\u00eetre de Granville vendue 30 000 euros hors taxe la pi\u00e8ce. Voil\u00e0 donc ces cr\u00e9ateurs, comme des sangsues, qui pompent le sang des autres sans vergogne, car en Roumanie qui aurait pu porter plainte devant la pauvret\u00e9 de ces paysans ? Personne !<\/p>\n<p style=\"text-align: justify;\">Seul Dracula avec l\u2019association d\u2019\u00c9ros et de Thanatos aurait pu nous endormir et la thanatopracticienne de Dior a bien essay\u00e9 mais elle demanda \u00e0 Dracula de la visiter et celui-ci r\u00e9pondit : \u00ab Non vous me demandez trop, car j\u2019ai trop peur \u00bb. La \u00ab Souris \u00bb, sortie premi\u00e8re d\u2019un concours de circonstances, avait bien cach\u00e9 son message pour s\u2019attribuer comme une vilaine plagiaire tous les honneurs, comme d\u2019habitude, la lumi\u00e8re et les cam\u00e9ras sur sa personne. Ah Ego, fr\u00e8re jumeau d\u2019une flatulence mal venue quand tu nous joues des tours\u2026. Mais, la maison du Seigneur des Arnault s\u2019en remettra et paya \u00e0 la Roumanie 30 000 euros de d\u00e9dommagement ; une goutte d\u2019eau dans la mer la plus noire de cette collaboration maudite presque contre nature. En son temps, d\u00e9j\u00e0, \u00ab Raf Simonstre \u00bb avait pill\u00e9 la culture andalouse avec une de ses robes \u00ab Fare \u00bb pour de la poudre aux yeux. Mais, enfin, dans quel monde Vuitton !<\/p>\n<p style=\"text-align: justify;\">Anonymode<\/p>\n<p><iframe title=\"YouTube video player\" src=\"https:\/\/www.youtube.com\/embed\/-h8Jw8YdKcE\" width=\"560\" height=\"315\" frameborder=\"0\" allowfullscreen=\"allowfullscreen\"><\/iframe><\/p>\n","protected":false},"excerpt":{"rendered":"<p>Pour la collection Dior 2017, la Maria de Gracias \u00ab Chou riz \u00bb, vestale invers\u00e9e d\u2019un monde interlope [&hellip;]<\/p>\n","protected":false},"author":1,"featured_media":3667,"comment_status":"closed","ping_status":"open","sticky":false,"template":"","format":"standard","meta":[],"categories":[1],"tags":[],"_links":{"self":[{"href":"https:\/\/leyaouanc.fr\/wordpress\/index.php\/wp-json\/wp\/v2\/posts\/3663"}],"collection":[{"href":"https:\/\/leyaouanc.fr\/wordpress\/index.php\/wp-json\/wp\/v2\/posts"}],"about":[{"href":"https:\/\/leyaouanc.fr\/wordpress\/index.php\/wp-json\/wp\/v2\/types\/post"}],"author":[{"embeddable":true,"href":"https:\/\/leyaouanc.fr\/wordpress\/index.php\/wp-json\/wp\/v2\/users\/1"}],"replies":[{"embeddable":true,"href":"https:\/\/leyaouanc.fr\/wordpress\/index.php\/wp-json\/wp\/v2\/comments?post=3663"}],"version-history":[{"count":1,"href":"https:\/\/leyaouanc.fr\/wordpress\/index.php\/wp-json\/wp\/v2\/posts\/3663\/revisions"}],"predecessor-version":[{"id":3665,"href":"https:\/\/leyaouanc.fr\/wordpress\/index.php\/wp-json\/wp\/v2\/posts\/3663\/revisions\/3665"}],"wp:featuredmedia":[{"embeddable":true,"href":"https:\/\/leyaouanc.fr\/wordpress\/index.php\/wp-json\/wp\/v2\/media\/3667"}],"wp:attachment":[{"href":"https:\/\/leyaouanc.fr\/wordpress\/index.php\/wp-json\/wp\/v2\/media?parent=3663"}],"wp:term":[{"taxonomy":"category","embeddable":true,"href":"https:\/\/leyaouanc.fr\/wordpress\/index.php\/wp-json\/wp\/v2\/categories?post=3663"},{"taxonomy":"post_tag","embeddable":true,"href":"https:\/\/leyaouanc.fr\/wordpress\/index.php\/wp-json\/wp\/v2\/tags?post=3663"}],"curies":[{"name":"wp","href":"https:\/\/api.w.org\/{rel}","templated":true}]}}