{"id":3689,"date":"2021-11-30T07:07:18","date_gmt":"2021-11-30T06:07:18","guid":{"rendered":"https:\/\/leyaouanc.fr\/wordpress\/?p=3689"},"modified":"2021-11-30T07:07:18","modified_gmt":"2021-11-30T06:07:18","slug":"virgil-se-fait-la-malle","status":"publish","type":"post","link":"https:\/\/leyaouanc.fr\/wordpress\/index.php\/2021\/11\/30\/virgil-se-fait-la-malle\/","title":{"rendered":"VIRGIL SE FAIT LA MALLE"},"content":{"rendered":"<p style=\"text-align: justify;\">Je me croyais plong\u00e9 dans un sommeil profond, car j\u2019\u00e9tais dans un pays o\u00f9 les pleurs effleurent le ciel et la voie lact\u00e9e. Un pays o\u00f9 s\u2019\u00e9l\u00e8ve les chansons des oiseaux au-dessus des baobabs, et o\u00f9 des sons si \u00e9mouvants comme les eaux des chutes du lac Victoria se refl\u00e8tent sur son sol si pr\u00e9cieux, tr\u00e9sor que toute la plan\u00e8te envie et veux \u00e9puiser ann\u00e9e apr\u00e8s ann\u00e9e.<\/p>\n<p style=\"text-align: justify;\">Voil\u00e0 la conscience de l\u2019identit\u00e9 afro-am\u00e9ricaine de Vuitton qui s\u2019efface. Avec son nom de po\u00e8te Grec \u00ab Virgil \u00bb, et avec cette terrible souffrance qu\u2019il exprime, la souffrance propre de l\u2019homme africain pour que le coup fatal du destin s\u2019abatte sur lui. Comme une souffrance qui lui colle \u00e0 la peau, je regarde maintenant ces orphelins aux familles bris\u00e9es et que la maladie n\u2019\u00e9pargne jamais, ainsi que son cort\u00e8ge de veuves aux lourds fardeaux d\u2019\u00e9lever des enfants seuls. L\u2019Afrique au Ch\u00e2telet pour des maux in\u00e9puisables de son patrimoine d\u00e9vor\u00e9 par les guerres sans cause juste, et les balles qui sifflent comme des serpents qui p\u00e9nalisent la dignit\u00e9 intrins\u00e8que de l\u2019\u00eatre humain et foulent au pied son potentiel universel de sagesse.<\/p>\n<p style=\"text-align: justify;\">Pourquoi meurent-ils alors qu\u2019ils n\u2019ont rien fait ? Pourquoi mourir \u00e0 41 ans alors que sa main propre n\u2019avait jamais sign\u00e9 de contrat avec Babylone, seulement avec LVMH ? Est-ce juste qu\u2019il meurt ? Doit-on \u00eatre puni pour ces quelques gouttes de succ\u00e8s finalement au go\u00fbt amer des entrailles de ses anc\u00eatres d\u2019aujourd\u2019hui et de demain. Virgil nous laisse sa mode sans pr\u00e9avis, et quitte le berceau de l\u2019humanit\u00e9, pour une galaxie plus humaine encore, l\u00e0 o\u00f9 la couleur importe peu, car le noir y r\u00e8gne en ma\u00eetre, mais quand on arrive avec des malles Vuitton on est toujours mieux accueilli pour un voyage au paradis.<\/p>\n<p style=\"text-align: justify;\">Anonymode<\/p>\n","protected":false},"excerpt":{"rendered":"<p>Je me croyais plong\u00e9 dans un sommeil profond, car j\u2019\u00e9tais dans un pays o\u00f9 les pleurs effleurent le [&hellip;]<\/p>\n","protected":false},"author":1,"featured_media":3690,"comment_status":"closed","ping_status":"open","sticky":false,"template":"","format":"standard","meta":[],"categories":[1],"tags":[],"_links":{"self":[{"href":"https:\/\/leyaouanc.fr\/wordpress\/index.php\/wp-json\/wp\/v2\/posts\/3689"}],"collection":[{"href":"https:\/\/leyaouanc.fr\/wordpress\/index.php\/wp-json\/wp\/v2\/posts"}],"about":[{"href":"https:\/\/leyaouanc.fr\/wordpress\/index.php\/wp-json\/wp\/v2\/types\/post"}],"author":[{"embeddable":true,"href":"https:\/\/leyaouanc.fr\/wordpress\/index.php\/wp-json\/wp\/v2\/users\/1"}],"replies":[{"embeddable":true,"href":"https:\/\/leyaouanc.fr\/wordpress\/index.php\/wp-json\/wp\/v2\/comments?post=3689"}],"version-history":[{"count":1,"href":"https:\/\/leyaouanc.fr\/wordpress\/index.php\/wp-json\/wp\/v2\/posts\/3689\/revisions"}],"predecessor-version":[{"id":3691,"href":"https:\/\/leyaouanc.fr\/wordpress\/index.php\/wp-json\/wp\/v2\/posts\/3689\/revisions\/3691"}],"wp:featuredmedia":[{"embeddable":true,"href":"https:\/\/leyaouanc.fr\/wordpress\/index.php\/wp-json\/wp\/v2\/media\/3690"}],"wp:attachment":[{"href":"https:\/\/leyaouanc.fr\/wordpress\/index.php\/wp-json\/wp\/v2\/media?parent=3689"}],"wp:term":[{"taxonomy":"category","embeddable":true,"href":"https:\/\/leyaouanc.fr\/wordpress\/index.php\/wp-json\/wp\/v2\/categories?post=3689"},{"taxonomy":"post_tag","embeddable":true,"href":"https:\/\/leyaouanc.fr\/wordpress\/index.php\/wp-json\/wp\/v2\/tags?post=3689"}],"curies":[{"name":"wp","href":"https:\/\/api.w.org\/{rel}","templated":true}]}}