{"id":3894,"date":"2022-10-13T07:36:22","date_gmt":"2022-10-13T05:36:22","guid":{"rendered":"https:\/\/leyaouanc.fr\/wordpress\/?p=3894"},"modified":"2022-10-13T07:36:22","modified_gmt":"2022-10-13T05:36:22","slug":"dgena-intouchable","status":"publish","type":"post","link":"https:\/\/leyaouanc.fr\/wordpress\/index.php\/2022\/10\/13\/dgena-intouchable\/","title":{"rendered":"DGENA INTOUCHABLE"},"content":{"rendered":"<header class=\"entry-header\">\n<div class=\"meta-post\" style=\"text-align: justify;\">C\u2019est un plaisir sous nos yeux lorsque la main de la cr\u00e9atrice d\u00e9roule ses cr\u00e9ations d\u2019un monde o\u00f9 tout semble s\u2019effondrer. Elle nous tra\u00eene de sommets en ab\u00eemes, entre l\u2019infini du temps ,qui parfois est suspendu, pour p\u00e9n\u00e9trer dans notre fibre intime. La cr\u00e9atrice, dont tout le monde parle \u00e0 Paris, sublime le sublime, par une collection simple et maitris\u00e9e ; esprit couture me dit l\u2019homme du Printemps \u00e0 c\u00f4t\u00e9 de moi.<\/p>\n<\/div>\n<\/header>\n<div class=\"entry-content\">\n<p style=\"text-align: justify;\">Ardeur f\u00e9brile de la jeunesse, Dgena transporte nos d\u00e9sespoirs, nos doutes, nos tortures devant l\u2019infini, et pendant vingt minutes, elle soigne les maux incurables de nos angoisses de voir une collection de plus pour rien. C\u2019est la magie de la mode, quand elle est bien faite, quand elle soigne la plan\u00e8te pour venir calmer les 100 milliards de v\u00eatements produits. Depuis le d\u00e9but de l\u2019ann\u00e9e, Dgena, quant \u00e0 elle, r\u00e9cup\u00e8re les tissus chez les couturiers et les recycle en couture chic et portable pour les jeunes d\u2019aujourd\u2019hui. Comment ne pas tendre l\u2019oreille \u00e0 ces tr\u00e8s jeunes talents qui ont la conscience de notre monde plus forte que nous qui sommes pass\u00e9s du c\u00f4t\u00e9 du reste de notre vie.<\/p>\n<p style=\"text-align: justify;\">Deux cent personnes rue de Londres se pressaient pour voir cette jeune fille blonde comme le sable du d\u00e9sert et douce comme une cuill\u00e8re de miel du Liban. Je regarde, depuis bient\u00f4t sept jours, les multiples collections qui nous sont propos\u00e9es et heureusement un souffle de fra\u00eecheur a souffl\u00e9 sur la couture Parisienne. Dgena, dans son petit atelier, r\u00e9alise \u00e0 elle seule une collection qui sort du lot, et c\u2019est tant mieux pour la profession d\u2019avoir enfin une couturi\u00e8re styliste-mod\u00e9liste qui con\u00e7oit et r\u00e9alise par elle-m\u00eame.<\/p>\n<p style=\"text-align: justify;\">FM<\/p>\n<\/div>\n","protected":false},"excerpt":{"rendered":"<p>C\u2019est un plaisir sous nos yeux lorsque la main de la cr\u00e9atrice d\u00e9roule ses cr\u00e9ations d\u2019un monde o\u00f9 [&hellip;]<\/p>\n","protected":false},"author":1,"featured_media":3895,"comment_status":"closed","ping_status":"open","sticky":false,"template":"","format":"standard","meta":[],"categories":[1],"tags":[],"_links":{"self":[{"href":"https:\/\/leyaouanc.fr\/wordpress\/index.php\/wp-json\/wp\/v2\/posts\/3894"}],"collection":[{"href":"https:\/\/leyaouanc.fr\/wordpress\/index.php\/wp-json\/wp\/v2\/posts"}],"about":[{"href":"https:\/\/leyaouanc.fr\/wordpress\/index.php\/wp-json\/wp\/v2\/types\/post"}],"author":[{"embeddable":true,"href":"https:\/\/leyaouanc.fr\/wordpress\/index.php\/wp-json\/wp\/v2\/users\/1"}],"replies":[{"embeddable":true,"href":"https:\/\/leyaouanc.fr\/wordpress\/index.php\/wp-json\/wp\/v2\/comments?post=3894"}],"version-history":[{"count":1,"href":"https:\/\/leyaouanc.fr\/wordpress\/index.php\/wp-json\/wp\/v2\/posts\/3894\/revisions"}],"predecessor-version":[{"id":3896,"href":"https:\/\/leyaouanc.fr\/wordpress\/index.php\/wp-json\/wp\/v2\/posts\/3894\/revisions\/3896"}],"wp:featuredmedia":[{"embeddable":true,"href":"https:\/\/leyaouanc.fr\/wordpress\/index.php\/wp-json\/wp\/v2\/media\/3895"}],"wp:attachment":[{"href":"https:\/\/leyaouanc.fr\/wordpress\/index.php\/wp-json\/wp\/v2\/media?parent=3894"}],"wp:term":[{"taxonomy":"category","embeddable":true,"href":"https:\/\/leyaouanc.fr\/wordpress\/index.php\/wp-json\/wp\/v2\/categories?post=3894"},{"taxonomy":"post_tag","embeddable":true,"href":"https:\/\/leyaouanc.fr\/wordpress\/index.php\/wp-json\/wp\/v2\/tags?post=3894"}],"curies":[{"name":"wp","href":"https:\/\/api.w.org\/{rel}","templated":true}]}}