{"id":850,"date":"2017-04-24T08:11:29","date_gmt":"2017-04-24T06:11:29","guid":{"rendered":"http:\/\/leyaouanc.fr\/wordpress\/?p=850"},"modified":"2017-04-24T08:12:45","modified_gmt":"2017-04-24T06:12:45","slug":"balanciaga-ne-brille-pas-avec-vermeil","status":"publish","type":"post","link":"https:\/\/leyaouanc.fr\/wordpress\/index.php\/2017\/04\/24\/balanciaga-ne-brille-pas-avec-vermeil\/","title":{"rendered":"BALANCIAGA NE BRILLE PAS AVEC VERMEIL"},"content":{"rendered":"<p style=\"text-align: justify;\">Angeline arriva \u00e0 l&rsquo;espace Champerret, pensant arriver dans un champ de banlieue. Elle avait demand\u00e9 \u00e0 son chauffeur s&rsquo;il lui faudrait un passeport et un b\u00e9ret pour perret ! La vaste \u00e9tendue des 5 000 m\u00e8tres carr\u00e9 du lieu, avec une moquette logo typ\u00e9e Balenciaga pour seul d\u00e9cor, faisait que toute la mode \u00e9tait au &lsquo;Front Row&rsquo;. Il m&rsquo;a fallu presqu&rsquo;un quart d&rsquo;heure pour atteindre ma place ; impossible de partir discr\u00e8tement si le show \u00e9tait mauvais.<\/p>\n<p style=\"text-align: justify;\">Nous sommes venus pour voir le couturier des ann\u00e9es 1950 Christobal Balenciaga. Ses \u00e9l\u00e8ves \u00e9taient Oscar de la Renta (1949), Andr\u00e9 Courr\u00e8ges (1950), Emanuel Ungaro (1958), mais son prot\u00e9g\u00e9, le plus c\u00e9l\u00e8bre, Hubert de Givenchy, et tous vont ouvrir leur propre maison de couture par la suite et conna\u00eetre le succ\u00e8s que l&rsquo;on conna\u00eet.<\/p>\n<p style=\"text-align: justify;\">Ses clientes \u00e9taient mes amies : Pauline de Rothschild, Bunny Mellon, Marella Agnelli, Hope Portocarrero, Gloria Guinness et Mona von Bismarck, le couturier a aussi con\u00e7u la robe de mari\u00e9e pour la Reine Fabiola de Belgique, mon amie souligne Angeline.<\/p>\n<p style=\"text-align: justify;\">Demna Gvasalia, au poste de directeur artistique de la maison, de nationalit\u00e9 allemande comme Karl, et d\u2019origine g\u00e9orgienne, porte les espoirs d&rsquo;une grande ambition pour le groupe Kering. Mais, malgr\u00e9 le grand espace, qui lui a \u00e9t\u00e9 conc\u00e9d\u00e9, celui-ci ne fait pas de lui un grand couturier : une collection sans th\u00e8me qui ne donnera rien visuellement, mais surtout loin des cr\u00e9ations du cr\u00e9ateur basque originelle de la maison. La robe caniche a fait s&rsquo;exclamer la baronne Sarah Courci, car ledit v\u00eatement ressemblait comme deux gouttes d&rsquo;eau \u00e0 son caniche.<\/p>\n<p style=\"text-align: justify;\">Le groupe Kering cherche encore sa voie pour cette marque. Esp\u00e9rons que Christobal d\u00e9couvrira un jour l&rsquo;Am\u00e9rique.<\/p>\n<p style=\"text-align: justify;\">Anonymode<\/p>\n","protected":false},"excerpt":{"rendered":"<p>Angeline arriva \u00e0 l&rsquo;espace Champerret, pensant arriver dans un champ de banlieue. Elle avait demand\u00e9 \u00e0 son chauffeur [&hellip;]<\/p>\n","protected":false},"author":1,"featured_media":851,"comment_status":"open","ping_status":"open","sticky":false,"template":"","format":"standard","meta":[],"categories":[13],"tags":[],"_links":{"self":[{"href":"https:\/\/leyaouanc.fr\/wordpress\/index.php\/wp-json\/wp\/v2\/posts\/850"}],"collection":[{"href":"https:\/\/leyaouanc.fr\/wordpress\/index.php\/wp-json\/wp\/v2\/posts"}],"about":[{"href":"https:\/\/leyaouanc.fr\/wordpress\/index.php\/wp-json\/wp\/v2\/types\/post"}],"author":[{"embeddable":true,"href":"https:\/\/leyaouanc.fr\/wordpress\/index.php\/wp-json\/wp\/v2\/users\/1"}],"replies":[{"embeddable":true,"href":"https:\/\/leyaouanc.fr\/wordpress\/index.php\/wp-json\/wp\/v2\/comments?post=850"}],"version-history":[{"count":1,"href":"https:\/\/leyaouanc.fr\/wordpress\/index.php\/wp-json\/wp\/v2\/posts\/850\/revisions"}],"predecessor-version":[{"id":852,"href":"https:\/\/leyaouanc.fr\/wordpress\/index.php\/wp-json\/wp\/v2\/posts\/850\/revisions\/852"}],"wp:featuredmedia":[{"embeddable":true,"href":"https:\/\/leyaouanc.fr\/wordpress\/index.php\/wp-json\/wp\/v2\/media\/851"}],"wp:attachment":[{"href":"https:\/\/leyaouanc.fr\/wordpress\/index.php\/wp-json\/wp\/v2\/media?parent=850"}],"wp:term":[{"taxonomy":"category","embeddable":true,"href":"https:\/\/leyaouanc.fr\/wordpress\/index.php\/wp-json\/wp\/v2\/categories?post=850"},{"taxonomy":"post_tag","embeddable":true,"href":"https:\/\/leyaouanc.fr\/wordpress\/index.php\/wp-json\/wp\/v2\/tags?post=850"}],"curies":[{"name":"wp","href":"https:\/\/api.w.org\/{rel}","templated":true}]}}